{"id":102,"date":"2020-09-13T18:44:34","date_gmt":"2020-09-13T21:44:34","guid":{"rendered":"http:\/\/marconivieira.com.br\/?p=102"},"modified":"2020-09-14T00:11:06","modified_gmt":"2020-09-14T03:11:06","slug":"marketing-de-conteudo-a-moeda-do-seculo-xxi","status":"publish","type":"post","link":"https:\/\/marconivieira.com.br\/index.php\/2020\/09\/13\/marketing-de-conteudo-a-moeda-do-seculo-xxi\/","title":{"rendered":"Marketing de Conte\u00fado: A Moeda do S\u00e9culo XXI"},"content":{"rendered":"<p>Se voc\u00ea&#8230; \u00c9 um Empres\u00e1rio que quer expandir seu neg\u00f3cio no mundo digital, atraindo o interesse de mais clientes e aumentando suas vendas; ou \u00e9 um Empreendedor trabalhando em uma ideia ou em neg\u00f3cio em fase inicial e quer alcan\u00e7ar mais pessoas; ou \u00e9 um Profissional de Marketing, Comunica\u00e7\u00e3o ou M\u00eddia e quer se atualizar sobre Marketing Digital; ou \u00e9 um Profissional Liberal que tem interesse em saber como usar recursos de Marketing para ter mais clientes; ENT\u00c3O ESTE LIVRO \u00c9 PARA VOC\u00ca! Este livro \u00e9 sobre o presente e o futuro do marketing! Ele tem come\u00e7o, mas n\u00e3o tem fim. Ao terminar de ler a \u00faltima p\u00e1gina, voc\u00ea deve seguir adiante e escrever sua pr\u00f3pria hist\u00f3ria, seja voc\u00ea um profissional de marketing, um empreendedor, um produtor de conte\u00fado ou diretor de alguma empresa. Esta leitura pretende expandir sua mente, te ajudar a conectar os pontos, te mostrar como trabalhar como gente grande que est\u00e1 na vanguarda do mercado. Vamos falar sobre o marketing de conte\u00fado em todas as suas formas, cores e sabores. Planejamento, tr\u00e1fego, gera\u00e7\u00e3o de leads, vendas, tecnologia, ferramentas, tend\u00eancias, pr\u00e1ticas, produ\u00e7\u00e3o, m\u00e9tricas e muito mais. H\u00e1 duas moedas muito caras no mundo de hoje: o Tempo e a Aten\u00e7\u00e3o. Ningu\u00e9m tem tempo a perder e todos gostariam de ter mais horas no dia para dar conta de tudo que tem a fazer. Conseguir que algu\u00e9m preste aten\u00e7\u00e3o em voc\u00ea dentro deste contexto tem muito valor. Se as pessoas n\u00e3o prestarem aten\u00e7\u00e3o no que voc\u00ea ou seu neg\u00f3cio tem a dizer, n\u00e3o entender\u00e3o o seu valor e n\u00e3o comprar\u00e3o o que voc\u00ea tem para vender, por melhor que seja. A moeda que compra o tempo e a aten\u00e7\u00e3o das pessoas hoje \u00e9 o conte\u00fado. Se voc\u00ea ainda n\u00e3o entendeu o poder do Marketing de Conte\u00fado, a hora \u00e9 agora! Este livro ser\u00e1 o seu guia para o in\u00edcio da sua jornada neste mundo incr\u00edvel e encantador. Voc\u00ea nunca mais ver\u00e1 o Marketing da mesma forma.<\/p>\n<p><iframe style=\"width: 120px; height: 240px;\" src=\"\/\/ws-na.amazon-adsystem.com\/widgets\/q?ServiceVersion=20070822&amp;OneJS=1&amp;Operation=GetAdHtml&amp;MarketPlace=BR&amp;source=ac&amp;ref=tf_til&amp;ad_type=product_link&amp;tracking_id=marconiv-20&amp;marketplace=amazon&amp;region=BR&amp;placement=8582891415&amp;asins=8582891415&amp;linkId=b3d872d548541cd55f981d39793cc43a&amp;show_border=false&amp;link_opens_in_new_window=true&amp;price_color=333333&amp;title_color=0066c0&amp;bg_color=ffffff\" frameborder=\"0\" marginwidth=\"0\" marginheight=\"0\" scrolling=\"no\"><br \/>\n    <\/iframe><\/p>\n","protected":false},"excerpt":{"rendered":"<p>Se voc\u00ea&#8230; \u00c9 um Empres\u00e1rio que quer expandir seu neg\u00f3cio no mundo digital, atraindo o interesse de mais clientes e aumentando suas vendas; ou \u00e9 um Empreendedor trabalhando em uma ideia ou em neg\u00f3cio em fase inicial e quer alcan\u00e7ar mais pessoas; ou \u00e9 um Profissional de Marketing, Comunica\u00e7\u00e3o ou M\u00eddia e quer se atualizar [&hellip;]<\/p>\n","protected":false},"author":1,"featured_media":103,"comment_status":"open","ping_status":"open","sticky":false,"template":"","format":"standard","meta":{"footnotes":""},"categories":[6],"tags":[30],"class_list":["post-102","post","type-post","status-publish","format-standard","has-post-thumbnail","hentry","category-marketing","tag-marketing-de-conteudo"],"yoast_head":"<!-- This site is optimized with the Yoast SEO plugin v24.9 - https:\/\/yoast.com\/wordpress\/plugins\/seo\/ -->\n<title>Marketing de Conte\u00fado: A Moeda do S\u00e9culo XXI - Marconi Fabio Vieira, PMP<\/title>\n<meta name=\"robots\" content=\"index, follow, max-snippet:-1, max-image-preview:large, max-video-preview:-1\" \/>\n<link rel=\"canonical\" href=\"https:\/\/marconivieira.com.br\/index.php\/2020\/09\/13\/marketing-de-conteudo-a-moeda-do-seculo-xxi\/\" \/>\n<meta property=\"og:locale\" content=\"pt_BR\" \/>\n<meta property=\"og:type\" content=\"article\" \/>\n<meta property=\"og:title\" content=\"Marketing de Conte\u00fado: A Moeda do S\u00e9culo XXI - Marconi Fabio Vieira, PMP\" \/>\n<meta property=\"og:description\" content=\"Se voc\u00ea&#8230; \u00c9 um Empres\u00e1rio que quer expandir seu neg\u00f3cio no mundo digital, atraindo o interesse de mais clientes e aumentando suas vendas; ou \u00e9 um Empreendedor trabalhando em uma ideia ou em neg\u00f3cio em fase inicial e quer alcan\u00e7ar mais pessoas; ou \u00e9 um Profissional de Marketing, Comunica\u00e7\u00e3o ou M\u00eddia e quer se atualizar [&hellip;]\" \/>\n<meta property=\"og:url\" content=\"https:\/\/marconivieira.com.br\/index.php\/2020\/09\/13\/marketing-de-conteudo-a-moeda-do-seculo-xxi\/\" \/>\n<meta property=\"og:site_name\" content=\"Marconi Fabio Vieira, PMP\" \/>\n<meta property=\"article:published_time\" content=\"2020-09-13T21:44:34+00:00\" \/>\n<meta property=\"article:modified_time\" content=\"2020-09-14T03:11:06+00:00\" \/>\n<meta property=\"og:image\" content=\"https:\/\/marconivieira.com.br\/wp-content\/uploads\/2020\/09\/marketing_de_conteudo-e1600033465588.jpg\" \/>\n\t<meta property=\"og:image:width\" content=\"200\" \/>\n\t<meta property=\"og:image:height\" content=\"287\" \/>\n\t<meta property=\"og:image:type\" content=\"image\/jpeg\" \/>\n<meta name=\"author\" content=\"marconivieira\" \/>\n<meta name=\"twitter:card\" content=\"summary_large_image\" \/>\n<meta name=\"twitter:label1\" content=\"Escrito por\" \/>\n\t<meta name=\"twitter:data1\" content=\"marconivieira\" \/>\n\t<meta name=\"twitter:label2\" content=\"Est. tempo de leitura\" \/>\n\t<meta name=\"twitter:data2\" content=\"2 minutos\" \/>\n<script type=\"application\/ld+json\" class=\"yoast-schema-graph\">{\"@context\":\"https:\/\/schema.org\",\"@graph\":[{\"@type\":\"WebPage\",\"@id\":\"https:\/\/marconivieira.com.br\/index.php\/2020\/09\/13\/marketing-de-conteudo-a-moeda-do-seculo-xxi\/\",\"url\":\"https:\/\/marconivieira.com.br\/index.php\/2020\/09\/13\/marketing-de-conteudo-a-moeda-do-seculo-xxi\/\",\"name\":\"Marketing de Conte\u00fado: A Moeda do S\u00e9culo XXI - Marconi Fabio Vieira, PMP\",\"isPartOf\":{\"@id\":\"https:\/\/marconivieira.com.br\/#website\"},\"primaryImageOfPage\":{\"@id\":\"https:\/\/marconivieira.com.br\/index.php\/2020\/09\/13\/marketing-de-conteudo-a-moeda-do-seculo-xxi\/#primaryimage\"},\"image\":{\"@id\":\"https:\/\/marconivieira.com.br\/index.php\/2020\/09\/13\/marketing-de-conteudo-a-moeda-do-seculo-xxi\/#primaryimage\"},\"thumbnailUrl\":\"https:\/\/marconivieira.com.br\/wp-content\/uploads\/2020\/09\/marketing_de_conteudo-e1600033465588.jpg\",\"datePublished\":\"2020-09-13T21:44:34+00:00\",\"dateModified\":\"2020-09-14T03:11:06+00:00\",\"author\":{\"@id\":\"https:\/\/marconivieira.com.br\/#\/schema\/person\/ecda8bc0143a3594d0d84bb876790b4c\"},\"breadcrumb\":{\"@id\":\"https:\/\/marconivieira.com.br\/index.php\/2020\/09\/13\/marketing-de-conteudo-a-moeda-do-seculo-xxi\/#breadcrumb\"},\"inLanguage\":\"pt-BR\",\"potentialAction\":[{\"@type\":\"ReadAction\",\"target\":[\"https:\/\/marconivieira.com.br\/index.php\/2020\/09\/13\/marketing-de-conteudo-a-moeda-do-seculo-xxi\/\"]}]},{\"@type\":\"ImageObject\",\"inLanguage\":\"pt-BR\",\"@id\":\"https:\/\/marconivieira.com.br\/index.php\/2020\/09\/13\/marketing-de-conteudo-a-moeda-do-seculo-xxi\/#primaryimage\",\"url\":\"https:\/\/marconivieira.com.br\/wp-content\/uploads\/2020\/09\/marketing_de_conteudo-e1600033465588.jpg\",\"contentUrl\":\"https:\/\/marconivieira.com.br\/wp-content\/uploads\/2020\/09\/marketing_de_conteudo-e1600033465588.jpg\",\"width\":200,\"height\":287},{\"@type\":\"BreadcrumbList\",\"@id\":\"https:\/\/marconivieira.com.br\/index.php\/2020\/09\/13\/marketing-de-conteudo-a-moeda-do-seculo-xxi\/#breadcrumb\",\"itemListElement\":[{\"@type\":\"ListItem\",\"position\":1,\"name\":\"In\u00edcio\",\"item\":\"https:\/\/marconivieira.com.br\/\"},{\"@type\":\"ListItem\",\"position\":2,\"name\":\"Marketing de Conte\u00fado: A Moeda do S\u00e9culo XXI\"}]},{\"@type\":\"WebSite\",\"@id\":\"https:\/\/marconivieira.com.br\/#website\",\"url\":\"https:\/\/marconivieira.com.br\/\",\"name\":\"Marconi Fabio Vieira, PMP\",\"description\":\"Livros e Artigos que Edificam\",\"potentialAction\":[{\"@type\":\"SearchAction\",\"target\":{\"@type\":\"EntryPoint\",\"urlTemplate\":\"https:\/\/marconivieira.com.br\/?s={search_term_string}\"},\"query-input\":{\"@type\":\"PropertyValueSpecification\",\"valueRequired\":true,\"valueName\":\"search_term_string\"}}],\"inLanguage\":\"pt-BR\"},{\"@type\":\"Person\",\"@id\":\"https:\/\/marconivieira.com.br\/#\/schema\/person\/ecda8bc0143a3594d0d84bb876790b4c\",\"name\":\"marconivieira\",\"image\":{\"@type\":\"ImageObject\",\"inLanguage\":\"pt-BR\",\"@id\":\"https:\/\/marconivieira.com.br\/#\/schema\/person\/image\/\",\"url\":\"https:\/\/secure.gravatar.com\/avatar\/87e78cc6508dce8559a41de4d1bc77be10e5bf347e873fa9c483811e38b5b190?s=96&d=mm&r=g\",\"contentUrl\":\"https:\/\/secure.gravatar.com\/avatar\/87e78cc6508dce8559a41de4d1bc77be10e5bf347e873fa9c483811e38b5b190?s=96&d=mm&r=g\",\"caption\":\"marconivieira\"},\"sameAs\":[\"https:\/\/marconivieira.com.br\"],\"url\":\"https:\/\/marconivieira.com.br\/index.php\/author\/marconivieira\/\"}]}<\/script>\n<!-- \/ Yoast SEO plugin. -->","yoast_head_json":{"title":"Marketing de Conte\u00fado: A Moeda do S\u00e9culo XXI - Marconi Fabio Vieira, PMP","robots":{"index":"index","follow":"follow","max-snippet":"max-snippet:-1","max-image-preview":"max-image-preview:large","max-video-preview":"max-video-preview:-1"},"canonical":"https:\/\/marconivieira.com.br\/index.php\/2020\/09\/13\/marketing-de-conteudo-a-moeda-do-seculo-xxi\/","og_locale":"pt_BR","og_type":"article","og_title":"Marketing de Conte\u00fado: A Moeda do S\u00e9culo XXI - Marconi Fabio Vieira, PMP","og_description":"Se voc\u00ea&#8230; \u00c9 um Empres\u00e1rio que quer expandir seu neg\u00f3cio no mundo digital, atraindo o interesse de mais clientes e aumentando suas vendas; ou \u00e9 um Empreendedor trabalhando em uma ideia ou em neg\u00f3cio em fase inicial e quer alcan\u00e7ar mais pessoas; ou \u00e9 um Profissional de Marketing, Comunica\u00e7\u00e3o ou M\u00eddia e quer se atualizar [&hellip;]","og_url":"https:\/\/marconivieira.com.br\/index.php\/2020\/09\/13\/marketing-de-conteudo-a-moeda-do-seculo-xxi\/","og_site_name":"Marconi Fabio Vieira, PMP","article_published_time":"2020-09-13T21:44:34+00:00","article_modified_time":"2020-09-14T03:11:06+00:00","og_image":[{"width":200,"height":287,"url":"https:\/\/marconivieira.com.br\/wp-content\/uploads\/2020\/09\/marketing_de_conteudo-e1600033465588.jpg","type":"image\/jpeg"}],"author":"marconivieira","twitter_card":"summary_large_image","twitter_misc":{"Escrito por":"marconivieira","Est. tempo de leitura":"2 minutos"},"schema":{"@context":"https:\/\/schema.org","@graph":[{"@type":"WebPage","@id":"https:\/\/marconivieira.com.br\/index.php\/2020\/09\/13\/marketing-de-conteudo-a-moeda-do-seculo-xxi\/","url":"https:\/\/marconivieira.com.br\/index.php\/2020\/09\/13\/marketing-de-conteudo-a-moeda-do-seculo-xxi\/","name":"Marketing de Conte\u00fado: A Moeda do S\u00e9culo XXI - Marconi Fabio Vieira, PMP","isPartOf":{"@id":"https:\/\/marconivieira.com.br\/#website"},"primaryImageOfPage":{"@id":"https:\/\/marconivieira.com.br\/index.php\/2020\/09\/13\/marketing-de-conteudo-a-moeda-do-seculo-xxi\/#primaryimage"},"image":{"@id":"https:\/\/marconivieira.com.br\/index.php\/2020\/09\/13\/marketing-de-conteudo-a-moeda-do-seculo-xxi\/#primaryimage"},"thumbnailUrl":"https:\/\/marconivieira.com.br\/wp-content\/uploads\/2020\/09\/marketing_de_conteudo-e1600033465588.jpg","datePublished":"2020-09-13T21:44:34+00:00","dateModified":"2020-09-14T03:11:06+00:00","author":{"@id":"https:\/\/marconivieira.com.br\/#\/schema\/person\/ecda8bc0143a3594d0d84bb876790b4c"},"breadcrumb":{"@id":"https:\/\/marconivieira.com.br\/index.php\/2020\/09\/13\/marketing-de-conteudo-a-moeda-do-seculo-xxi\/#breadcrumb"},"inLanguage":"pt-BR","potentialAction":[{"@type":"ReadAction","target":["https:\/\/marconivieira.com.br\/index.php\/2020\/09\/13\/marketing-de-conteudo-a-moeda-do-seculo-xxi\/"]}]},{"@type":"ImageObject","inLanguage":"pt-BR","@id":"https:\/\/marconivieira.com.br\/index.php\/2020\/09\/13\/marketing-de-conteudo-a-moeda-do-seculo-xxi\/#primaryimage","url":"https:\/\/marconivieira.com.br\/wp-content\/uploads\/2020\/09\/marketing_de_conteudo-e1600033465588.jpg","contentUrl":"https:\/\/marconivieira.com.br\/wp-content\/uploads\/2020\/09\/marketing_de_conteudo-e1600033465588.jpg","width":200,"height":287},{"@type":"BreadcrumbList","@id":"https:\/\/marconivieira.com.br\/index.php\/2020\/09\/13\/marketing-de-conteudo-a-moeda-do-seculo-xxi\/#breadcrumb","itemListElement":[{"@type":"ListItem","position":1,"name":"In\u00edcio","item":"https:\/\/marconivieira.com.br\/"},{"@type":"ListItem","position":2,"name":"Marketing de Conte\u00fado: A Moeda do S\u00e9culo XXI"}]},{"@type":"WebSite","@id":"https:\/\/marconivieira.com.br\/#website","url":"https:\/\/marconivieira.com.br\/","name":"Marconi Fabio Vieira, PMP","description":"Livros e Artigos que Edificam","potentialAction":[{"@type":"SearchAction","target":{"@type":"EntryPoint","urlTemplate":"https:\/\/marconivieira.com.br\/?s={search_term_string}"},"query-input":{"@type":"PropertyValueSpecification","valueRequired":true,"valueName":"search_term_string"}}],"inLanguage":"pt-BR"},{"@type":"Person","@id":"https:\/\/marconivieira.com.br\/#\/schema\/person\/ecda8bc0143a3594d0d84bb876790b4c","name":"marconivieira","image":{"@type":"ImageObject","inLanguage":"pt-BR","@id":"https:\/\/marconivieira.com.br\/#\/schema\/person\/image\/","url":"https:\/\/secure.gravatar.com\/avatar\/87e78cc6508dce8559a41de4d1bc77be10e5bf347e873fa9c483811e38b5b190?s=96&d=mm&r=g","contentUrl":"https:\/\/secure.gravatar.com\/avatar\/87e78cc6508dce8559a41de4d1bc77be10e5bf347e873fa9c483811e38b5b190?s=96&d=mm&r=g","caption":"marconivieira"},"sameAs":["https:\/\/marconivieira.com.br"],"url":"https:\/\/marconivieira.com.br\/index.php\/author\/marconivieira\/"}]}},"_links":{"self":[{"href":"https:\/\/marconivieira.com.br\/index.php\/wp-json\/wp\/v2\/posts\/102","targetHints":{"allow":["GET"]}}],"collection":[{"href":"https:\/\/marconivieira.com.br\/index.php\/wp-json\/wp\/v2\/posts"}],"about":[{"href":"https:\/\/marconivieira.com.br\/index.php\/wp-json\/wp\/v2\/types\/post"}],"author":[{"embeddable":true,"href":"https:\/\/marconivieira.com.br\/index.php\/wp-json\/wp\/v2\/users\/1"}],"replies":[{"embeddable":true,"href":"https:\/\/marconivieira.com.br\/index.php\/wp-json\/wp\/v2\/comments?post=102"}],"version-history":[{"count":2,"href":"https:\/\/marconivieira.com.br\/index.php\/wp-json\/wp\/v2\/posts\/102\/revisions"}],"predecessor-version":[{"id":196,"href":"https:\/\/marconivieira.com.br\/index.php\/wp-json\/wp\/v2\/posts\/102\/revisions\/196"}],"wp:featuredmedia":[{"embeddable":true,"href":"https:\/\/marconivieira.com.br\/index.php\/wp-json\/wp\/v2\/media\/103"}],"wp:attachment":[{"href":"https:\/\/marconivieira.com.br\/index.php\/wp-json\/wp\/v2\/media?parent=102"}],"wp:term":[{"taxonomy":"category","embeddable":true,"href":"https:\/\/marconivieira.com.br\/index.php\/wp-json\/wp\/v2\/categories?post=102"},{"taxonomy":"post_tag","embeddable":true,"href":"https:\/\/marconivieira.com.br\/index.php\/wp-json\/wp\/v2\/tags?post=102"}],"curies":[{"name":"wp","href":"https:\/\/api.w.org\/{rel}","templated":true}]}}