{"id":121,"date":"2020-09-13T19:09:58","date_gmt":"2020-09-13T22:09:58","guid":{"rendered":"http:\/\/marconivieira.com.br\/?p=121"},"modified":"2020-09-14T00:05:24","modified_gmt":"2020-09-14T03:05:24","slug":"isso-e-marketing-para-ser-visto-e-preciso-aprender-a-enxergar","status":"publish","type":"post","link":"https:\/\/marconivieira.com.br\/index.php\/2020\/09\/13\/isso-e-marketing-para-ser-visto-e-preciso-aprender-a-enxergar\/","title":{"rendered":"Isso \u00e9 Marketing: Para ser Visto \u00e9 Preciso Aprender a Enxergar"},"content":{"rendered":"<p>VOC\u00ca \u00c9 CAPAZ DE FAZER UM MARKETING QUE LHE DAR\u00c1 ORGULHO POR ASSINAR EMBAIXO.<\/p>\n<p>Nos \u00faltimos 25 anos, Seth Godin inspirou milhares de empres\u00e1rios, l\u00edderes e f\u00e3s de todas esferas sociais.<br \/>\nAgora, pela primeira vez, ele oferece uma vis\u00e3o do n\u00facleo de sua sabedoria de marketing em um pacote acess\u00edvel e atemporal.<\/p>\n<p>No centro da sua abordagem est\u00e1 uma grande ideia: grandes profissionais de marketing n\u00e3o usam os consumidores para resolver o problema da empresa.<br \/>\nEles usam o marketing para resolver os problemas de outras pessoas.<br \/>\nEles n\u00e3o fazem apenas barulho; eles tornam o mundo melhor.<br \/>\nO marketing verdadeiramente poderoso tem como base a generosidade, a empatia e o trabalho emocional.<\/p>\n<p>Aprenda a identificar o menor p\u00fablico vi\u00e1vel. Construa confian\u00e7a e permiss\u00e3o com o seu mercado. Adote as narrativas que seus f\u00e3s j\u00e1 usam.<br \/>\nEncontre em voc\u00ea a coragem de criar e liberar a tens\u00e3o.<br \/>\nE acima de tudo, d\u00ea \u00e0s pessoas as ferramentas e hist\u00f3rias que elas podem usar para alcan\u00e7ar seus objetivos.<\/p>\n<p>\u00c9 hora de parar de mentir, de enviar spam e se sentir culpado pelo seu trabalho.<br \/>\nEst\u00e1 na hora de parar de confundir n\u00fameros em rede sociais com conex\u00f5es verdadeiras.<br \/>\nAgora \u00e9 a hora de parar de desperdi\u00e7ar dinheiro com aten\u00e7\u00e3o roubada que n\u00e3o valer\u00e1 a pena em longo prazo.<br \/>\nAgora \u00e9 o momento de come\u00e7ar a aprender a enxergar para voc\u00ea ser visto.<\/p>\n<p>PESSOAS COMO N\u00d3S FAZEM COISAS ASSIM<\/p>\n<p>Esta \u00e9 a chance pela qual voc\u00ea estava esperando. A chance de levar o trabalho que voc\u00ea se importa para as pessoas que mal podem esperar para se envolver, pagar e falar sobre ele.<\/p>\n<p>Acredito que a \u00fanica forma de fazer a diferen\u00e7a \u00e9 verdadeiramente enxergar e entender as pessoas que voc\u00ea procura influenciar.<br \/>\nQuando estiverem totalmente engajadas, elas ajudar\u00e3o a espalhar a not\u00edcia com prazer.<br \/>\nEste livro vai mudar as perguntas que voc\u00ea faz, as coisas que voc\u00ea percebe e, acima de tudo, o trabalho que voc\u00ea pode fazer.<br \/>\nEle ajudar\u00e1 voc\u00ea a melhorar as coisas tornando as coisas melhores.<\/p>\n<p>Seu trabalho \u00e9 importante. Fa\u00e7a barulho.<\/p>\n<p><iframe style=\"width:120px;height:240px;\" marginwidth=\"0\" marginheight=\"0\" scrolling=\"no\" frameborder=\"0\" src=\"\/\/ws-na.amazon-adsystem.com\/widgets\/q?ServiceVersion=20070822&amp;OneJS=1&amp;Operation=GetAdHtml&amp;MarketPlace=BR&amp;source=ac&amp;ref=tf_til&amp;ad_type=product_link&amp;tracking_id=marconiv-20&amp;marketplace=amazon&amp;region=BR&amp;placement=8550807648&amp;asins=8550807648&amp;linkId=1ca29246a17a2f5728034b172772f07b&amp;show_border=false&amp;link_opens_in_new_window=true&amp;price_color=333333&amp;title_color=0066c0&amp;bg_color=ffffff\"><br \/>\n    <\/iframe><\/p>\n","protected":false},"excerpt":{"rendered":"<p>VOC\u00ca \u00c9 CAPAZ DE FAZER UM MARKETING QUE LHE DAR\u00c1 ORGULHO POR ASSINAR EMBAIXO. Nos \u00faltimos 25 anos, Seth Godin inspirou milhares de empres\u00e1rios, l\u00edderes e f\u00e3s de todas esferas sociais. Agora, pela primeira vez, ele oferece uma vis\u00e3o do n\u00facleo de sua sabedoria de marketing em um pacote acess\u00edvel e atemporal. No centro da [&hellip;]<\/p>\n","protected":false},"author":1,"featured_media":122,"comment_status":"open","ping_status":"open","sticky":false,"template":"","format":"standard","meta":{"footnotes":""},"categories":[6],"tags":[36],"class_list":["post-121","post","type-post","status-publish","format-standard","has-post-thumbnail","hentry","category-marketing","tag-marketing"],"yoast_head":"<!-- This site is optimized with the Yoast SEO plugin v24.9 - https:\/\/yoast.com\/wordpress\/plugins\/seo\/ -->\n<title>Isso \u00e9 Marketing: Para ser Visto \u00e9 Preciso Aprender a Enxergar - Marconi Fabio Vieira, PMP<\/title>\n<meta name=\"robots\" content=\"index, follow, max-snippet:-1, max-image-preview:large, max-video-preview:-1\" \/>\n<link rel=\"canonical\" href=\"https:\/\/marconivieira.com.br\/index.php\/2020\/09\/13\/isso-e-marketing-para-ser-visto-e-preciso-aprender-a-enxergar\/\" \/>\n<meta property=\"og:locale\" content=\"pt_BR\" \/>\n<meta property=\"og:type\" content=\"article\" \/>\n<meta property=\"og:title\" content=\"Isso \u00e9 Marketing: Para ser Visto \u00e9 Preciso Aprender a Enxergar - Marconi Fabio Vieira, PMP\" \/>\n<meta property=\"og:description\" content=\"VOC\u00ca \u00c9 CAPAZ DE FAZER UM MARKETING QUE LHE DAR\u00c1 ORGULHO POR ASSINAR EMBAIXO. Nos \u00faltimos 25 anos, Seth Godin inspirou milhares de empres\u00e1rios, l\u00edderes e f\u00e3s de todas esferas sociais. Agora, pela primeira vez, ele oferece uma vis\u00e3o do n\u00facleo de sua sabedoria de marketing em um pacote acess\u00edvel e atemporal. No centro da [&hellip;]\" \/>\n<meta property=\"og:url\" content=\"https:\/\/marconivieira.com.br\/index.php\/2020\/09\/13\/isso-e-marketing-para-ser-visto-e-preciso-aprender-a-enxergar\/\" \/>\n<meta property=\"og:site_name\" content=\"Marconi Fabio Vieira, PMP\" \/>\n<meta property=\"article:published_time\" content=\"2020-09-13T22:09:58+00:00\" \/>\n<meta property=\"article:modified_time\" content=\"2020-09-14T03:05:24+00:00\" \/>\n<meta property=\"og:image\" content=\"https:\/\/marconivieira.com.br\/wp-content\/uploads\/2020\/09\/isso_e_marketing-e1600034989408.jpg\" \/>\n\t<meta property=\"og:image:width\" content=\"200\" \/>\n\t<meta property=\"og:image:height\" content=\"299\" \/>\n\t<meta property=\"og:image:type\" content=\"image\/jpeg\" \/>\n<meta name=\"author\" content=\"marconivieira\" \/>\n<meta name=\"twitter:card\" content=\"summary_large_image\" \/>\n<meta name=\"twitter:label1\" content=\"Escrito por\" \/>\n\t<meta name=\"twitter:data1\" content=\"marconivieira\" \/>\n\t<meta name=\"twitter:label2\" content=\"Est. tempo de leitura\" \/>\n\t<meta name=\"twitter:data2\" content=\"2 minutos\" \/>\n<script type=\"application\/ld+json\" class=\"yoast-schema-graph\">{\"@context\":\"https:\/\/schema.org\",\"@graph\":[{\"@type\":\"WebPage\",\"@id\":\"https:\/\/marconivieira.com.br\/index.php\/2020\/09\/13\/isso-e-marketing-para-ser-visto-e-preciso-aprender-a-enxergar\/\",\"url\":\"https:\/\/marconivieira.com.br\/index.php\/2020\/09\/13\/isso-e-marketing-para-ser-visto-e-preciso-aprender-a-enxergar\/\",\"name\":\"Isso \u00e9 Marketing: Para ser Visto \u00e9 Preciso Aprender a Enxergar - Marconi Fabio Vieira, PMP\",\"isPartOf\":{\"@id\":\"https:\/\/marconivieira.com.br\/#website\"},\"primaryImageOfPage\":{\"@id\":\"https:\/\/marconivieira.com.br\/index.php\/2020\/09\/13\/isso-e-marketing-para-ser-visto-e-preciso-aprender-a-enxergar\/#primaryimage\"},\"image\":{\"@id\":\"https:\/\/marconivieira.com.br\/index.php\/2020\/09\/13\/isso-e-marketing-para-ser-visto-e-preciso-aprender-a-enxergar\/#primaryimage\"},\"thumbnailUrl\":\"https:\/\/marconivieira.com.br\/wp-content\/uploads\/2020\/09\/isso_e_marketing-e1600034989408.jpg\",\"datePublished\":\"2020-09-13T22:09:58+00:00\",\"dateModified\":\"2020-09-14T03:05:24+00:00\",\"author\":{\"@id\":\"https:\/\/marconivieira.com.br\/#\/schema\/person\/ecda8bc0143a3594d0d84bb876790b4c\"},\"breadcrumb\":{\"@id\":\"https:\/\/marconivieira.com.br\/index.php\/2020\/09\/13\/isso-e-marketing-para-ser-visto-e-preciso-aprender-a-enxergar\/#breadcrumb\"},\"inLanguage\":\"pt-BR\",\"potentialAction\":[{\"@type\":\"ReadAction\",\"target\":[\"https:\/\/marconivieira.com.br\/index.php\/2020\/09\/13\/isso-e-marketing-para-ser-visto-e-preciso-aprender-a-enxergar\/\"]}]},{\"@type\":\"ImageObject\",\"inLanguage\":\"pt-BR\",\"@id\":\"https:\/\/marconivieira.com.br\/index.php\/2020\/09\/13\/isso-e-marketing-para-ser-visto-e-preciso-aprender-a-enxergar\/#primaryimage\",\"url\":\"https:\/\/marconivieira.com.br\/wp-content\/uploads\/2020\/09\/isso_e_marketing-e1600034989408.jpg\",\"contentUrl\":\"https:\/\/marconivieira.com.br\/wp-content\/uploads\/2020\/09\/isso_e_marketing-e1600034989408.jpg\",\"width\":200,\"height\":299},{\"@type\":\"BreadcrumbList\",\"@id\":\"https:\/\/marconivieira.com.br\/index.php\/2020\/09\/13\/isso-e-marketing-para-ser-visto-e-preciso-aprender-a-enxergar\/#breadcrumb\",\"itemListElement\":[{\"@type\":\"ListItem\",\"position\":1,\"name\":\"In\u00edcio\",\"item\":\"https:\/\/marconivieira.com.br\/\"},{\"@type\":\"ListItem\",\"position\":2,\"name\":\"Isso \u00e9 Marketing: Para ser Visto \u00e9 Preciso Aprender a Enxergar\"}]},{\"@type\":\"WebSite\",\"@id\":\"https:\/\/marconivieira.com.br\/#website\",\"url\":\"https:\/\/marconivieira.com.br\/\",\"name\":\"Marconi Fabio Vieira, PMP\",\"description\":\"Livros e Artigos que Edificam\",\"potentialAction\":[{\"@type\":\"SearchAction\",\"target\":{\"@type\":\"EntryPoint\",\"urlTemplate\":\"https:\/\/marconivieira.com.br\/?s={search_term_string}\"},\"query-input\":{\"@type\":\"PropertyValueSpecification\",\"valueRequired\":true,\"valueName\":\"search_term_string\"}}],\"inLanguage\":\"pt-BR\"},{\"@type\":\"Person\",\"@id\":\"https:\/\/marconivieira.com.br\/#\/schema\/person\/ecda8bc0143a3594d0d84bb876790b4c\",\"name\":\"marconivieira\",\"image\":{\"@type\":\"ImageObject\",\"inLanguage\":\"pt-BR\",\"@id\":\"https:\/\/marconivieira.com.br\/#\/schema\/person\/image\/\",\"url\":\"https:\/\/secure.gravatar.com\/avatar\/87e78cc6508dce8559a41de4d1bc77be10e5bf347e873fa9c483811e38b5b190?s=96&d=mm&r=g\",\"contentUrl\":\"https:\/\/secure.gravatar.com\/avatar\/87e78cc6508dce8559a41de4d1bc77be10e5bf347e873fa9c483811e38b5b190?s=96&d=mm&r=g\",\"caption\":\"marconivieira\"},\"sameAs\":[\"https:\/\/marconivieira.com.br\"],\"url\":\"https:\/\/marconivieira.com.br\/index.php\/author\/marconivieira\/\"}]}<\/script>\n<!-- \/ Yoast SEO plugin. -->","yoast_head_json":{"title":"Isso \u00e9 Marketing: Para ser Visto \u00e9 Preciso Aprender a Enxergar - Marconi Fabio Vieira, PMP","robots":{"index":"index","follow":"follow","max-snippet":"max-snippet:-1","max-image-preview":"max-image-preview:large","max-video-preview":"max-video-preview:-1"},"canonical":"https:\/\/marconivieira.com.br\/index.php\/2020\/09\/13\/isso-e-marketing-para-ser-visto-e-preciso-aprender-a-enxergar\/","og_locale":"pt_BR","og_type":"article","og_title":"Isso \u00e9 Marketing: Para ser Visto \u00e9 Preciso Aprender a Enxergar - Marconi Fabio Vieira, PMP","og_description":"VOC\u00ca \u00c9 CAPAZ DE FAZER UM MARKETING QUE LHE DAR\u00c1 ORGULHO POR ASSINAR EMBAIXO. Nos \u00faltimos 25 anos, Seth Godin inspirou milhares de empres\u00e1rios, l\u00edderes e f\u00e3s de todas esferas sociais. Agora, pela primeira vez, ele oferece uma vis\u00e3o do n\u00facleo de sua sabedoria de marketing em um pacote acess\u00edvel e atemporal. No centro da [&hellip;]","og_url":"https:\/\/marconivieira.com.br\/index.php\/2020\/09\/13\/isso-e-marketing-para-ser-visto-e-preciso-aprender-a-enxergar\/","og_site_name":"Marconi Fabio Vieira, PMP","article_published_time":"2020-09-13T22:09:58+00:00","article_modified_time":"2020-09-14T03:05:24+00:00","og_image":[{"width":200,"height":299,"url":"https:\/\/marconivieira.com.br\/wp-content\/uploads\/2020\/09\/isso_e_marketing-e1600034989408.jpg","type":"image\/jpeg"}],"author":"marconivieira","twitter_card":"summary_large_image","twitter_misc":{"Escrito por":"marconivieira","Est. tempo de leitura":"2 minutos"},"schema":{"@context":"https:\/\/schema.org","@graph":[{"@type":"WebPage","@id":"https:\/\/marconivieira.com.br\/index.php\/2020\/09\/13\/isso-e-marketing-para-ser-visto-e-preciso-aprender-a-enxergar\/","url":"https:\/\/marconivieira.com.br\/index.php\/2020\/09\/13\/isso-e-marketing-para-ser-visto-e-preciso-aprender-a-enxergar\/","name":"Isso \u00e9 Marketing: Para ser Visto \u00e9 Preciso Aprender a Enxergar - Marconi Fabio Vieira, PMP","isPartOf":{"@id":"https:\/\/marconivieira.com.br\/#website"},"primaryImageOfPage":{"@id":"https:\/\/marconivieira.com.br\/index.php\/2020\/09\/13\/isso-e-marketing-para-ser-visto-e-preciso-aprender-a-enxergar\/#primaryimage"},"image":{"@id":"https:\/\/marconivieira.com.br\/index.php\/2020\/09\/13\/isso-e-marketing-para-ser-visto-e-preciso-aprender-a-enxergar\/#primaryimage"},"thumbnailUrl":"https:\/\/marconivieira.com.br\/wp-content\/uploads\/2020\/09\/isso_e_marketing-e1600034989408.jpg","datePublished":"2020-09-13T22:09:58+00:00","dateModified":"2020-09-14T03:05:24+00:00","author":{"@id":"https:\/\/marconivieira.com.br\/#\/schema\/person\/ecda8bc0143a3594d0d84bb876790b4c"},"breadcrumb":{"@id":"https:\/\/marconivieira.com.br\/index.php\/2020\/09\/13\/isso-e-marketing-para-ser-visto-e-preciso-aprender-a-enxergar\/#breadcrumb"},"inLanguage":"pt-BR","potentialAction":[{"@type":"ReadAction","target":["https:\/\/marconivieira.com.br\/index.php\/2020\/09\/13\/isso-e-marketing-para-ser-visto-e-preciso-aprender-a-enxergar\/"]}]},{"@type":"ImageObject","inLanguage":"pt-BR","@id":"https:\/\/marconivieira.com.br\/index.php\/2020\/09\/13\/isso-e-marketing-para-ser-visto-e-preciso-aprender-a-enxergar\/#primaryimage","url":"https:\/\/marconivieira.com.br\/wp-content\/uploads\/2020\/09\/isso_e_marketing-e1600034989408.jpg","contentUrl":"https:\/\/marconivieira.com.br\/wp-content\/uploads\/2020\/09\/isso_e_marketing-e1600034989408.jpg","width":200,"height":299},{"@type":"BreadcrumbList","@id":"https:\/\/marconivieira.com.br\/index.php\/2020\/09\/13\/isso-e-marketing-para-ser-visto-e-preciso-aprender-a-enxergar\/#breadcrumb","itemListElement":[{"@type":"ListItem","position":1,"name":"In\u00edcio","item":"https:\/\/marconivieira.com.br\/"},{"@type":"ListItem","position":2,"name":"Isso \u00e9 Marketing: Para ser Visto \u00e9 Preciso Aprender a Enxergar"}]},{"@type":"WebSite","@id":"https:\/\/marconivieira.com.br\/#website","url":"https:\/\/marconivieira.com.br\/","name":"Marconi Fabio Vieira, PMP","description":"Livros e Artigos que Edificam","potentialAction":[{"@type":"SearchAction","target":{"@type":"EntryPoint","urlTemplate":"https:\/\/marconivieira.com.br\/?s={search_term_string}"},"query-input":{"@type":"PropertyValueSpecification","valueRequired":true,"valueName":"search_term_string"}}],"inLanguage":"pt-BR"},{"@type":"Person","@id":"https:\/\/marconivieira.com.br\/#\/schema\/person\/ecda8bc0143a3594d0d84bb876790b4c","name":"marconivieira","image":{"@type":"ImageObject","inLanguage":"pt-BR","@id":"https:\/\/marconivieira.com.br\/#\/schema\/person\/image\/","url":"https:\/\/secure.gravatar.com\/avatar\/87e78cc6508dce8559a41de4d1bc77be10e5bf347e873fa9c483811e38b5b190?s=96&d=mm&r=g","contentUrl":"https:\/\/secure.gravatar.com\/avatar\/87e78cc6508dce8559a41de4d1bc77be10e5bf347e873fa9c483811e38b5b190?s=96&d=mm&r=g","caption":"marconivieira"},"sameAs":["https:\/\/marconivieira.com.br"],"url":"https:\/\/marconivieira.com.br\/index.php\/author\/marconivieira\/"}]}},"_links":{"self":[{"href":"https:\/\/marconivieira.com.br\/index.php\/wp-json\/wp\/v2\/posts\/121","targetHints":{"allow":["GET"]}}],"collection":[{"href":"https:\/\/marconivieira.com.br\/index.php\/wp-json\/wp\/v2\/posts"}],"about":[{"href":"https:\/\/marconivieira.com.br\/index.php\/wp-json\/wp\/v2\/types\/post"}],"author":[{"embeddable":true,"href":"https:\/\/marconivieira.com.br\/index.php\/wp-json\/wp\/v2\/users\/1"}],"replies":[{"embeddable":true,"href":"https:\/\/marconivieira.com.br\/index.php\/wp-json\/wp\/v2\/comments?post=121"}],"version-history":[{"count":2,"href":"https:\/\/marconivieira.com.br\/index.php\/wp-json\/wp\/v2\/posts\/121\/revisions"}],"predecessor-version":[{"id":190,"href":"https:\/\/marconivieira.com.br\/index.php\/wp-json\/wp\/v2\/posts\/121\/revisions\/190"}],"wp:featuredmedia":[{"embeddable":true,"href":"https:\/\/marconivieira.com.br\/index.php\/wp-json\/wp\/v2\/media\/122"}],"wp:attachment":[{"href":"https:\/\/marconivieira.com.br\/index.php\/wp-json\/wp\/v2\/media?parent=121"}],"wp:term":[{"taxonomy":"category","embeddable":true,"href":"https:\/\/marconivieira.com.br\/index.php\/wp-json\/wp\/v2\/categories?post=121"},{"taxonomy":"post_tag","embeddable":true,"href":"https:\/\/marconivieira.com.br\/index.php\/wp-json\/wp\/v2\/tags?post=121"}],"curies":[{"name":"wp","href":"https:\/\/api.w.org\/{rel}","templated":true}]}}