{"id":161,"date":"2020-09-13T22:31:48","date_gmt":"2020-09-14T01:31:48","guid":{"rendered":"http:\/\/marconivieira.com.br\/?p=161"},"modified":"2020-09-13T23:50:20","modified_gmt":"2020-09-14T02:50:20","slug":"escrita-criativa-da-ideia-ao-texto","status":"publish","type":"post","link":"https:\/\/marconivieira.com.br\/index.php\/2020\/09\/13\/escrita-criativa-da-ideia-ao-texto\/","title":{"rendered":"Escrita criativa: Da ideia ao texto"},"content":{"rendered":"<p>Escrever parece f\u00e1cil. Por\u00e9m, todos que, algum dia, quiseram passar suas ideias para o papel ou o computador j\u00e1 tiveram momentos em que isso se mostrou uma tarefa dif\u00edcil e frustrante. Mas se engana tamb\u00e9m quem acha que escrever bem \u00e9 privil\u00e9gio de uma nata de dotados de talento especial. Este livro revela que tudo \u00e9 uma quest\u00e3o de come\u00e7ar, manter a disciplina e trabalhar duro at\u00e9 chegar ao melhor resultado.Aliando dicas e pensamentos de grandes mentes criativas de diferentes \u00e1reas, o autor demonstra como se aventurar com coragem na tarefa da escrita. Como seduzir o leitor e prend\u00ea-lo ao texto? Como ter ideias originais e pensar em maneiras novas de exp\u00f4-las? Estas p\u00e1ginas respondem a muitas quest\u00f5es como essas e servem como um excelente guia para quem quer escrever melhor.<\/p>\n<p><iframe style=\"width: 120px; height: 240px;\" src=\"\/\/ws-na.amazon-adsystem.com\/widgets\/q?ServiceVersion=20070822&amp;OneJS=1&amp;Operation=GetAdHtml&amp;MarketPlace=BR&amp;source=ac&amp;ref=tf_til&amp;ad_type=product_link&amp;tracking_id=marconiv-20&amp;marketplace=amazon&amp;region=BR&amp;placement=8552000520&amp;asins=8552000520&amp;linkId=bc3fac6e04b144584cc137d2c59d290a&amp;show_border=false&amp;link_opens_in_new_window=true&amp;price_color=333333&amp;title_color=0066c0&amp;bg_color=ffffff\" frameborder=\"0\" marginwidth=\"0\" marginheight=\"0\" scrolling=\"no\"><br \/>\n    <\/iframe><\/p>\n","protected":false},"excerpt":{"rendered":"<p>Escrever parece f\u00e1cil. Por\u00e9m, todos que, algum dia, quiseram passar suas ideias para o papel ou o computador j\u00e1 tiveram momentos em que isso se mostrou uma tarefa dif\u00edcil e frustrante. Mas se engana tamb\u00e9m quem acha que escrever bem \u00e9 privil\u00e9gio de uma nata de dotados de talento especial. Este livro revela que tudo [&hellip;]<\/p>\n","protected":false},"author":1,"featured_media":162,"comment_status":"open","ping_status":"open","sticky":false,"template":"","format":"standard","meta":{"footnotes":""},"categories":[10],"tags":[49,48],"class_list":["post-161","post","type-post","status-publish","format-standard","has-post-thumbnail","hentry","category-escrita","tag-criativa","tag-escrita"],"yoast_head":"<!-- This site is optimized with the Yoast SEO plugin v24.9 - https:\/\/yoast.com\/wordpress\/plugins\/seo\/ -->\n<title>Escrita criativa: Da ideia ao texto - Marconi Fabio Vieira, PMP<\/title>\n<meta name=\"robots\" content=\"index, follow, max-snippet:-1, max-image-preview:large, max-video-preview:-1\" \/>\n<link rel=\"canonical\" href=\"https:\/\/marconivieira.com.br\/index.php\/2020\/09\/13\/escrita-criativa-da-ideia-ao-texto\/\" \/>\n<meta property=\"og:locale\" content=\"pt_BR\" \/>\n<meta property=\"og:type\" content=\"article\" \/>\n<meta property=\"og:title\" content=\"Escrita criativa: Da ideia ao texto - Marconi Fabio Vieira, PMP\" \/>\n<meta property=\"og:description\" content=\"Escrever parece f\u00e1cil. Por\u00e9m, todos que, algum dia, quiseram passar suas ideias para o papel ou o computador j\u00e1 tiveram momentos em que isso se mostrou uma tarefa dif\u00edcil e frustrante. Mas se engana tamb\u00e9m quem acha que escrever bem \u00e9 privil\u00e9gio de uma nata de dotados de talento especial. Este livro revela que tudo [&hellip;]\" \/>\n<meta property=\"og:url\" content=\"https:\/\/marconivieira.com.br\/index.php\/2020\/09\/13\/escrita-criativa-da-ideia-ao-texto\/\" \/>\n<meta property=\"og:site_name\" content=\"Marconi Fabio Vieira, PMP\" \/>\n<meta property=\"article:published_time\" content=\"2020-09-14T01:31:48+00:00\" \/>\n<meta property=\"article:modified_time\" content=\"2020-09-14T02:50:20+00:00\" \/>\n<meta property=\"og:image\" content=\"https:\/\/marconivieira.com.br\/wp-content\/uploads\/2020\/09\/escrita_criativa-e1600047101210.jpg\" \/>\n\t<meta property=\"og:image:width\" content=\"200\" \/>\n\t<meta property=\"og:image:height\" content=\"287\" \/>\n\t<meta property=\"og:image:type\" content=\"image\/jpeg\" \/>\n<meta name=\"author\" content=\"marconivieira\" \/>\n<meta name=\"twitter:card\" content=\"summary_large_image\" \/>\n<meta name=\"twitter:label1\" content=\"Escrito por\" \/>\n\t<meta name=\"twitter:data1\" content=\"marconivieira\" \/>\n\t<meta name=\"twitter:label2\" content=\"Est. tempo de leitura\" \/>\n\t<meta name=\"twitter:data2\" content=\"1 minuto\" \/>\n<script type=\"application\/ld+json\" class=\"yoast-schema-graph\">{\"@context\":\"https:\/\/schema.org\",\"@graph\":[{\"@type\":\"WebPage\",\"@id\":\"https:\/\/marconivieira.com.br\/index.php\/2020\/09\/13\/escrita-criativa-da-ideia-ao-texto\/\",\"url\":\"https:\/\/marconivieira.com.br\/index.php\/2020\/09\/13\/escrita-criativa-da-ideia-ao-texto\/\",\"name\":\"Escrita criativa: Da ideia ao texto - Marconi Fabio Vieira, PMP\",\"isPartOf\":{\"@id\":\"https:\/\/marconivieira.com.br\/#website\"},\"primaryImageOfPage\":{\"@id\":\"https:\/\/marconivieira.com.br\/index.php\/2020\/09\/13\/escrita-criativa-da-ideia-ao-texto\/#primaryimage\"},\"image\":{\"@id\":\"https:\/\/marconivieira.com.br\/index.php\/2020\/09\/13\/escrita-criativa-da-ideia-ao-texto\/#primaryimage\"},\"thumbnailUrl\":\"https:\/\/marconivieira.com.br\/wp-content\/uploads\/2020\/09\/escrita_criativa-e1600047101210.jpg\",\"datePublished\":\"2020-09-14T01:31:48+00:00\",\"dateModified\":\"2020-09-14T02:50:20+00:00\",\"author\":{\"@id\":\"https:\/\/marconivieira.com.br\/#\/schema\/person\/ecda8bc0143a3594d0d84bb876790b4c\"},\"breadcrumb\":{\"@id\":\"https:\/\/marconivieira.com.br\/index.php\/2020\/09\/13\/escrita-criativa-da-ideia-ao-texto\/#breadcrumb\"},\"inLanguage\":\"pt-BR\",\"potentialAction\":[{\"@type\":\"ReadAction\",\"target\":[\"https:\/\/marconivieira.com.br\/index.php\/2020\/09\/13\/escrita-criativa-da-ideia-ao-texto\/\"]}]},{\"@type\":\"ImageObject\",\"inLanguage\":\"pt-BR\",\"@id\":\"https:\/\/marconivieira.com.br\/index.php\/2020\/09\/13\/escrita-criativa-da-ideia-ao-texto\/#primaryimage\",\"url\":\"https:\/\/marconivieira.com.br\/wp-content\/uploads\/2020\/09\/escrita_criativa-e1600047101210.jpg\",\"contentUrl\":\"https:\/\/marconivieira.com.br\/wp-content\/uploads\/2020\/09\/escrita_criativa-e1600047101210.jpg\",\"width\":200,\"height\":287},{\"@type\":\"BreadcrumbList\",\"@id\":\"https:\/\/marconivieira.com.br\/index.php\/2020\/09\/13\/escrita-criativa-da-ideia-ao-texto\/#breadcrumb\",\"itemListElement\":[{\"@type\":\"ListItem\",\"position\":1,\"name\":\"In\u00edcio\",\"item\":\"https:\/\/marconivieira.com.br\/\"},{\"@type\":\"ListItem\",\"position\":2,\"name\":\"Escrita criativa: Da ideia ao texto\"}]},{\"@type\":\"WebSite\",\"@id\":\"https:\/\/marconivieira.com.br\/#website\",\"url\":\"https:\/\/marconivieira.com.br\/\",\"name\":\"Marconi Fabio Vieira, PMP\",\"description\":\"Livros e Artigos que Edificam\",\"potentialAction\":[{\"@type\":\"SearchAction\",\"target\":{\"@type\":\"EntryPoint\",\"urlTemplate\":\"https:\/\/marconivieira.com.br\/?s={search_term_string}\"},\"query-input\":{\"@type\":\"PropertyValueSpecification\",\"valueRequired\":true,\"valueName\":\"search_term_string\"}}],\"inLanguage\":\"pt-BR\"},{\"@type\":\"Person\",\"@id\":\"https:\/\/marconivieira.com.br\/#\/schema\/person\/ecda8bc0143a3594d0d84bb876790b4c\",\"name\":\"marconivieira\",\"image\":{\"@type\":\"ImageObject\",\"inLanguage\":\"pt-BR\",\"@id\":\"https:\/\/marconivieira.com.br\/#\/schema\/person\/image\/\",\"url\":\"https:\/\/secure.gravatar.com\/avatar\/87e78cc6508dce8559a41de4d1bc77be10e5bf347e873fa9c483811e38b5b190?s=96&d=mm&r=g\",\"contentUrl\":\"https:\/\/secure.gravatar.com\/avatar\/87e78cc6508dce8559a41de4d1bc77be10e5bf347e873fa9c483811e38b5b190?s=96&d=mm&r=g\",\"caption\":\"marconivieira\"},\"sameAs\":[\"https:\/\/marconivieira.com.br\"],\"url\":\"https:\/\/marconivieira.com.br\/index.php\/author\/marconivieira\/\"}]}<\/script>\n<!-- \/ Yoast SEO plugin. -->","yoast_head_json":{"title":"Escrita criativa: Da ideia ao texto - Marconi Fabio Vieira, PMP","robots":{"index":"index","follow":"follow","max-snippet":"max-snippet:-1","max-image-preview":"max-image-preview:large","max-video-preview":"max-video-preview:-1"},"canonical":"https:\/\/marconivieira.com.br\/index.php\/2020\/09\/13\/escrita-criativa-da-ideia-ao-texto\/","og_locale":"pt_BR","og_type":"article","og_title":"Escrita criativa: Da ideia ao texto - Marconi Fabio Vieira, PMP","og_description":"Escrever parece f\u00e1cil. Por\u00e9m, todos que, algum dia, quiseram passar suas ideias para o papel ou o computador j\u00e1 tiveram momentos em que isso se mostrou uma tarefa dif\u00edcil e frustrante. Mas se engana tamb\u00e9m quem acha que escrever bem \u00e9 privil\u00e9gio de uma nata de dotados de talento especial. Este livro revela que tudo [&hellip;]","og_url":"https:\/\/marconivieira.com.br\/index.php\/2020\/09\/13\/escrita-criativa-da-ideia-ao-texto\/","og_site_name":"Marconi Fabio Vieira, PMP","article_published_time":"2020-09-14T01:31:48+00:00","article_modified_time":"2020-09-14T02:50:20+00:00","og_image":[{"width":200,"height":287,"url":"https:\/\/marconivieira.com.br\/wp-content\/uploads\/2020\/09\/escrita_criativa-e1600047101210.jpg","type":"image\/jpeg"}],"author":"marconivieira","twitter_card":"summary_large_image","twitter_misc":{"Escrito por":"marconivieira","Est. tempo de leitura":"1 minuto"},"schema":{"@context":"https:\/\/schema.org","@graph":[{"@type":"WebPage","@id":"https:\/\/marconivieira.com.br\/index.php\/2020\/09\/13\/escrita-criativa-da-ideia-ao-texto\/","url":"https:\/\/marconivieira.com.br\/index.php\/2020\/09\/13\/escrita-criativa-da-ideia-ao-texto\/","name":"Escrita criativa: Da ideia ao texto - Marconi Fabio Vieira, PMP","isPartOf":{"@id":"https:\/\/marconivieira.com.br\/#website"},"primaryImageOfPage":{"@id":"https:\/\/marconivieira.com.br\/index.php\/2020\/09\/13\/escrita-criativa-da-ideia-ao-texto\/#primaryimage"},"image":{"@id":"https:\/\/marconivieira.com.br\/index.php\/2020\/09\/13\/escrita-criativa-da-ideia-ao-texto\/#primaryimage"},"thumbnailUrl":"https:\/\/marconivieira.com.br\/wp-content\/uploads\/2020\/09\/escrita_criativa-e1600047101210.jpg","datePublished":"2020-09-14T01:31:48+00:00","dateModified":"2020-09-14T02:50:20+00:00","author":{"@id":"https:\/\/marconivieira.com.br\/#\/schema\/person\/ecda8bc0143a3594d0d84bb876790b4c"},"breadcrumb":{"@id":"https:\/\/marconivieira.com.br\/index.php\/2020\/09\/13\/escrita-criativa-da-ideia-ao-texto\/#breadcrumb"},"inLanguage":"pt-BR","potentialAction":[{"@type":"ReadAction","target":["https:\/\/marconivieira.com.br\/index.php\/2020\/09\/13\/escrita-criativa-da-ideia-ao-texto\/"]}]},{"@type":"ImageObject","inLanguage":"pt-BR","@id":"https:\/\/marconivieira.com.br\/index.php\/2020\/09\/13\/escrita-criativa-da-ideia-ao-texto\/#primaryimage","url":"https:\/\/marconivieira.com.br\/wp-content\/uploads\/2020\/09\/escrita_criativa-e1600047101210.jpg","contentUrl":"https:\/\/marconivieira.com.br\/wp-content\/uploads\/2020\/09\/escrita_criativa-e1600047101210.jpg","width":200,"height":287},{"@type":"BreadcrumbList","@id":"https:\/\/marconivieira.com.br\/index.php\/2020\/09\/13\/escrita-criativa-da-ideia-ao-texto\/#breadcrumb","itemListElement":[{"@type":"ListItem","position":1,"name":"In\u00edcio","item":"https:\/\/marconivieira.com.br\/"},{"@type":"ListItem","position":2,"name":"Escrita criativa: Da ideia ao texto"}]},{"@type":"WebSite","@id":"https:\/\/marconivieira.com.br\/#website","url":"https:\/\/marconivieira.com.br\/","name":"Marconi Fabio Vieira, PMP","description":"Livros e Artigos que Edificam","potentialAction":[{"@type":"SearchAction","target":{"@type":"EntryPoint","urlTemplate":"https:\/\/marconivieira.com.br\/?s={search_term_string}"},"query-input":{"@type":"PropertyValueSpecification","valueRequired":true,"valueName":"search_term_string"}}],"inLanguage":"pt-BR"},{"@type":"Person","@id":"https:\/\/marconivieira.com.br\/#\/schema\/person\/ecda8bc0143a3594d0d84bb876790b4c","name":"marconivieira","image":{"@type":"ImageObject","inLanguage":"pt-BR","@id":"https:\/\/marconivieira.com.br\/#\/schema\/person\/image\/","url":"https:\/\/secure.gravatar.com\/avatar\/87e78cc6508dce8559a41de4d1bc77be10e5bf347e873fa9c483811e38b5b190?s=96&d=mm&r=g","contentUrl":"https:\/\/secure.gravatar.com\/avatar\/87e78cc6508dce8559a41de4d1bc77be10e5bf347e873fa9c483811e38b5b190?s=96&d=mm&r=g","caption":"marconivieira"},"sameAs":["https:\/\/marconivieira.com.br"],"url":"https:\/\/marconivieira.com.br\/index.php\/author\/marconivieira\/"}]}},"_links":{"self":[{"href":"https:\/\/marconivieira.com.br\/index.php\/wp-json\/wp\/v2\/posts\/161","targetHints":{"allow":["GET"]}}],"collection":[{"href":"https:\/\/marconivieira.com.br\/index.php\/wp-json\/wp\/v2\/posts"}],"about":[{"href":"https:\/\/marconivieira.com.br\/index.php\/wp-json\/wp\/v2\/types\/post"}],"author":[{"embeddable":true,"href":"https:\/\/marconivieira.com.br\/index.php\/wp-json\/wp\/v2\/users\/1"}],"replies":[{"embeddable":true,"href":"https:\/\/marconivieira.com.br\/index.php\/wp-json\/wp\/v2\/comments?post=161"}],"version-history":[{"count":2,"href":"https:\/\/marconivieira.com.br\/index.php\/wp-json\/wp\/v2\/posts\/161\/revisions"}],"predecessor-version":[{"id":177,"href":"https:\/\/marconivieira.com.br\/index.php\/wp-json\/wp\/v2\/posts\/161\/revisions\/177"}],"wp:featuredmedia":[{"embeddable":true,"href":"https:\/\/marconivieira.com.br\/index.php\/wp-json\/wp\/v2\/media\/162"}],"wp:attachment":[{"href":"https:\/\/marconivieira.com.br\/index.php\/wp-json\/wp\/v2\/media?parent=161"}],"wp:term":[{"taxonomy":"category","embeddable":true,"href":"https:\/\/marconivieira.com.br\/index.php\/wp-json\/wp\/v2\/categories?post=161"},{"taxonomy":"post_tag","embeddable":true,"href":"https:\/\/marconivieira.com.br\/index.php\/wp-json\/wp\/v2\/tags?post=161"}],"curies":[{"name":"wp","href":"https:\/\/api.w.org\/{rel}","templated":true}]}}