{"id":213,"date":"2020-09-16T13:10:41","date_gmt":"2020-09-16T16:10:41","guid":{"rendered":"http:\/\/marconivieira.com.br\/?p=213"},"modified":"2020-09-16T13:11:16","modified_gmt":"2020-09-16T16:11:16","slug":"grande-dicionario-da-lingua-portuguesa-da-porto-editora","status":"publish","type":"post","link":"https:\/\/marconivieira.com.br\/index.php\/2020\/09\/16\/grande-dicionario-da-lingua-portuguesa-da-porto-editora\/","title":{"rendered":"Grande Dicion\u00e1rio da L\u00edngua Portuguesa da Porto Editora"},"content":{"rendered":"<p>O maior e mais completo dicion\u00e1rio padr\u00e3o* da l\u00edngua portuguesa dispon\u00edvel para Kindle, o Grande Dicion\u00e1rio da L\u00edngua Portuguesa da Porto Editora permite que voc\u00ea consulte palavras em portugu\u00eas e obtenha defini\u00e7\u00f5es claras sem interromper a sua leitura. Redigido em portugu\u00eas do Brasil e apresentando cobertura do portugu\u00eas europeu, este dicion\u00e1rio oferece:<\/p>\n<p>\u2022 Mais de 300.000 defini\u00e7\u00f5es e 120.000 entradas que incluem transcri\u00e7\u00e3o fon\u00e9tica, locu\u00e7\u00f5es e express\u00f5es idiom\u00e1ticas.<\/p>\n<p>\u2022 Reconhecimento de 1.650.000 formas flexionadas de verbos, substantivos e adjetivos.<\/p>\n<p>\u2022 Mais de 100.000 registros de etimologia que explicam a origem das palavras.<\/p>\n<p>\u2022 Cobertura das grafias anteriores e posteriores ao Acordo Ortogr\u00e1fico da L\u00edngua Portuguesa.<\/p>\n<p>\u2022 Notas explicativas sobre grafias preferenciais do Brasil e de Portugal.<\/p>\n<p>\u2022 Um guia sobre a gram\u00e1tica da l\u00edngua portuguesa.<\/p>\n<p>*Totalmente compat\u00edvel com o Kindle Paperwhite, o Kindle (4\u00aa gera\u00e7\u00e3o), o Kindle Keyboard (3\u00aa gera\u00e7\u00e3o), o Kindle Touch, o Kindle (2\u00aa gera\u00e7\u00e3o) e com os modelos Kindle DX. A pesquisa por entradas \u00e9 suportada pelo Kindle Fire e pelos aplicativos Kindle. A funcionalidade de dicion\u00e1rio padr\u00e3o \u00e9 suportada pelo aplicativo Kindle para iPad\/iPhone (vers\u00e3o 4.0+), mas n\u00e3o \u00e9 suportada nem por outros aplicativos Kindle nem pelo Kindle Fire.<\/p>\n<p><iframe style=\"width:120px;height:240px;\" marginwidth=\"0\" marginheight=\"0\" scrolling=\"no\" frameborder=\"0\" src=\"\/\/ws-na.amazon-adsystem.com\/widgets\/q?ServiceVersion=20070822&amp;OneJS=1&amp;Operation=GetAdHtml&amp;MarketPlace=BR&amp;source=ac&amp;ref=tf_til&amp;ad_type=product_link&amp;tracking_id=marconiv-20&amp;marketplace=amazon&amp;region=BR&amp;placement=B00HGW83U4&amp;asins=B00HGW83U4&amp;linkId=4a72827f5e1d03aba36ce076912f4866&amp;show_border=false&amp;link_opens_in_new_window=true&amp;price_color=333333&amp;title_color=0066c0&amp;bg_color=ffffff\"><br \/>\n    <\/iframe><\/p>\n","protected":false},"excerpt":{"rendered":"<p>O maior e mais completo dicion\u00e1rio padr\u00e3o* da l\u00edngua portuguesa dispon\u00edvel para Kindle, o Grande Dicion\u00e1rio da L\u00edngua Portuguesa da Porto Editora permite que voc\u00ea consulte palavras em portugu\u00eas e obtenha defini\u00e7\u00f5es claras sem interromper a sua leitura. Redigido em portugu\u00eas do Brasil e apresentando cobertura do portugu\u00eas europeu, este dicion\u00e1rio oferece: \u2022 Mais de [&hellip;]<\/p>\n","protected":false},"author":1,"featured_media":214,"comment_status":"open","ping_status":"open","sticky":false,"template":"","format":"standard","meta":{"footnotes":""},"categories":[51],"tags":[52,53],"class_list":["post-213","post","type-post","status-publish","format-standard","has-post-thumbnail","hentry","category-dicionarios","tag-dicionaro","tag-lingua-portuguesa"],"yoast_head":"<!-- This site is optimized with the Yoast SEO plugin v24.9 - https:\/\/yoast.com\/wordpress\/plugins\/seo\/ -->\n<title>Grande Dicion\u00e1rio da L\u00edngua Portuguesa da Porto Editora - Marconi Fabio Vieira, PMP<\/title>\n<meta name=\"robots\" content=\"index, follow, max-snippet:-1, max-image-preview:large, max-video-preview:-1\" \/>\n<link rel=\"canonical\" href=\"https:\/\/marconivieira.com.br\/index.php\/2020\/09\/16\/grande-dicionario-da-lingua-portuguesa-da-porto-editora\/\" \/>\n<meta property=\"og:locale\" content=\"pt_BR\" \/>\n<meta property=\"og:type\" content=\"article\" \/>\n<meta property=\"og:title\" content=\"Grande Dicion\u00e1rio da L\u00edngua Portuguesa da Porto Editora - Marconi Fabio Vieira, PMP\" \/>\n<meta property=\"og:description\" content=\"O maior e mais completo dicion\u00e1rio padr\u00e3o* da l\u00edngua portuguesa dispon\u00edvel para Kindle, o Grande Dicion\u00e1rio da L\u00edngua Portuguesa da Porto Editora permite que voc\u00ea consulte palavras em portugu\u00eas e obtenha defini\u00e7\u00f5es claras sem interromper a sua leitura. Redigido em portugu\u00eas do Brasil e apresentando cobertura do portugu\u00eas europeu, este dicion\u00e1rio oferece: \u2022 Mais de [&hellip;]\" \/>\n<meta property=\"og:url\" content=\"https:\/\/marconivieira.com.br\/index.php\/2020\/09\/16\/grande-dicionario-da-lingua-portuguesa-da-porto-editora\/\" \/>\n<meta property=\"og:site_name\" content=\"Marconi Fabio Vieira, PMP\" \/>\n<meta property=\"article:published_time\" content=\"2020-09-16T16:10:41+00:00\" \/>\n<meta property=\"article:modified_time\" content=\"2020-09-16T16:11:16+00:00\" \/>\n<meta property=\"og:image\" content=\"https:\/\/marconivieira.com.br\/wp-content\/uploads\/2020\/09\/Grande_Dicionario_da_Lingua_Portuguesa-e1600272631332.jpg\" \/>\n\t<meta property=\"og:image:width\" content=\"200\" \/>\n\t<meta property=\"og:image:height\" content=\"293\" \/>\n\t<meta property=\"og:image:type\" content=\"image\/jpeg\" \/>\n<meta name=\"author\" content=\"marconivieira\" \/>\n<meta name=\"twitter:card\" content=\"summary_large_image\" \/>\n<meta name=\"twitter:label1\" content=\"Escrito por\" \/>\n\t<meta name=\"twitter:data1\" content=\"marconivieira\" \/>\n\t<meta name=\"twitter:label2\" content=\"Est. tempo de leitura\" \/>\n\t<meta name=\"twitter:data2\" content=\"1 minuto\" \/>\n<script type=\"application\/ld+json\" class=\"yoast-schema-graph\">{\"@context\":\"https:\/\/schema.org\",\"@graph\":[{\"@type\":\"WebPage\",\"@id\":\"https:\/\/marconivieira.com.br\/index.php\/2020\/09\/16\/grande-dicionario-da-lingua-portuguesa-da-porto-editora\/\",\"url\":\"https:\/\/marconivieira.com.br\/index.php\/2020\/09\/16\/grande-dicionario-da-lingua-portuguesa-da-porto-editora\/\",\"name\":\"Grande Dicion\u00e1rio da L\u00edngua Portuguesa da Porto Editora - Marconi Fabio Vieira, PMP\",\"isPartOf\":{\"@id\":\"https:\/\/marconivieira.com.br\/#website\"},\"primaryImageOfPage\":{\"@id\":\"https:\/\/marconivieira.com.br\/index.php\/2020\/09\/16\/grande-dicionario-da-lingua-portuguesa-da-porto-editora\/#primaryimage\"},\"image\":{\"@id\":\"https:\/\/marconivieira.com.br\/index.php\/2020\/09\/16\/grande-dicionario-da-lingua-portuguesa-da-porto-editora\/#primaryimage\"},\"thumbnailUrl\":\"https:\/\/marconivieira.com.br\/wp-content\/uploads\/2020\/09\/Grande_Dicionario_da_Lingua_Portuguesa-e1600272631332.jpg\",\"datePublished\":\"2020-09-16T16:10:41+00:00\",\"dateModified\":\"2020-09-16T16:11:16+00:00\",\"author\":{\"@id\":\"https:\/\/marconivieira.com.br\/#\/schema\/person\/ecda8bc0143a3594d0d84bb876790b4c\"},\"breadcrumb\":{\"@id\":\"https:\/\/marconivieira.com.br\/index.php\/2020\/09\/16\/grande-dicionario-da-lingua-portuguesa-da-porto-editora\/#breadcrumb\"},\"inLanguage\":\"pt-BR\",\"potentialAction\":[{\"@type\":\"ReadAction\",\"target\":[\"https:\/\/marconivieira.com.br\/index.php\/2020\/09\/16\/grande-dicionario-da-lingua-portuguesa-da-porto-editora\/\"]}]},{\"@type\":\"ImageObject\",\"inLanguage\":\"pt-BR\",\"@id\":\"https:\/\/marconivieira.com.br\/index.php\/2020\/09\/16\/grande-dicionario-da-lingua-portuguesa-da-porto-editora\/#primaryimage\",\"url\":\"https:\/\/marconivieira.com.br\/wp-content\/uploads\/2020\/09\/Grande_Dicionario_da_Lingua_Portuguesa-e1600272631332.jpg\",\"contentUrl\":\"https:\/\/marconivieira.com.br\/wp-content\/uploads\/2020\/09\/Grande_Dicionario_da_Lingua_Portuguesa-e1600272631332.jpg\",\"width\":200,\"height\":293},{\"@type\":\"BreadcrumbList\",\"@id\":\"https:\/\/marconivieira.com.br\/index.php\/2020\/09\/16\/grande-dicionario-da-lingua-portuguesa-da-porto-editora\/#breadcrumb\",\"itemListElement\":[{\"@type\":\"ListItem\",\"position\":1,\"name\":\"In\u00edcio\",\"item\":\"https:\/\/marconivieira.com.br\/\"},{\"@type\":\"ListItem\",\"position\":2,\"name\":\"Grande Dicion\u00e1rio da L\u00edngua Portuguesa da Porto Editora\"}]},{\"@type\":\"WebSite\",\"@id\":\"https:\/\/marconivieira.com.br\/#website\",\"url\":\"https:\/\/marconivieira.com.br\/\",\"name\":\"Marconi Fabio Vieira, PMP\",\"description\":\"Livros e Artigos que Edificam\",\"potentialAction\":[{\"@type\":\"SearchAction\",\"target\":{\"@type\":\"EntryPoint\",\"urlTemplate\":\"https:\/\/marconivieira.com.br\/?s={search_term_string}\"},\"query-input\":{\"@type\":\"PropertyValueSpecification\",\"valueRequired\":true,\"valueName\":\"search_term_string\"}}],\"inLanguage\":\"pt-BR\"},{\"@type\":\"Person\",\"@id\":\"https:\/\/marconivieira.com.br\/#\/schema\/person\/ecda8bc0143a3594d0d84bb876790b4c\",\"name\":\"marconivieira\",\"image\":{\"@type\":\"ImageObject\",\"inLanguage\":\"pt-BR\",\"@id\":\"https:\/\/marconivieira.com.br\/#\/schema\/person\/image\/\",\"url\":\"https:\/\/secure.gravatar.com\/avatar\/87e78cc6508dce8559a41de4d1bc77be10e5bf347e873fa9c483811e38b5b190?s=96&d=mm&r=g\",\"contentUrl\":\"https:\/\/secure.gravatar.com\/avatar\/87e78cc6508dce8559a41de4d1bc77be10e5bf347e873fa9c483811e38b5b190?s=96&d=mm&r=g\",\"caption\":\"marconivieira\"},\"sameAs\":[\"https:\/\/marconivieira.com.br\"],\"url\":\"https:\/\/marconivieira.com.br\/index.php\/author\/marconivieira\/\"}]}<\/script>\n<!-- \/ Yoast SEO plugin. -->","yoast_head_json":{"title":"Grande Dicion\u00e1rio da L\u00edngua Portuguesa da Porto Editora - Marconi Fabio Vieira, PMP","robots":{"index":"index","follow":"follow","max-snippet":"max-snippet:-1","max-image-preview":"max-image-preview:large","max-video-preview":"max-video-preview:-1"},"canonical":"https:\/\/marconivieira.com.br\/index.php\/2020\/09\/16\/grande-dicionario-da-lingua-portuguesa-da-porto-editora\/","og_locale":"pt_BR","og_type":"article","og_title":"Grande Dicion\u00e1rio da L\u00edngua Portuguesa da Porto Editora - Marconi Fabio Vieira, PMP","og_description":"O maior e mais completo dicion\u00e1rio padr\u00e3o* da l\u00edngua portuguesa dispon\u00edvel para Kindle, o Grande Dicion\u00e1rio da L\u00edngua Portuguesa da Porto Editora permite que voc\u00ea consulte palavras em portugu\u00eas e obtenha defini\u00e7\u00f5es claras sem interromper a sua leitura. Redigido em portugu\u00eas do Brasil e apresentando cobertura do portugu\u00eas europeu, este dicion\u00e1rio oferece: \u2022 Mais de [&hellip;]","og_url":"https:\/\/marconivieira.com.br\/index.php\/2020\/09\/16\/grande-dicionario-da-lingua-portuguesa-da-porto-editora\/","og_site_name":"Marconi Fabio Vieira, PMP","article_published_time":"2020-09-16T16:10:41+00:00","article_modified_time":"2020-09-16T16:11:16+00:00","og_image":[{"width":200,"height":293,"url":"https:\/\/marconivieira.com.br\/wp-content\/uploads\/2020\/09\/Grande_Dicionario_da_Lingua_Portuguesa-e1600272631332.jpg","type":"image\/jpeg"}],"author":"marconivieira","twitter_card":"summary_large_image","twitter_misc":{"Escrito por":"marconivieira","Est. tempo de leitura":"1 minuto"},"schema":{"@context":"https:\/\/schema.org","@graph":[{"@type":"WebPage","@id":"https:\/\/marconivieira.com.br\/index.php\/2020\/09\/16\/grande-dicionario-da-lingua-portuguesa-da-porto-editora\/","url":"https:\/\/marconivieira.com.br\/index.php\/2020\/09\/16\/grande-dicionario-da-lingua-portuguesa-da-porto-editora\/","name":"Grande Dicion\u00e1rio da L\u00edngua Portuguesa da Porto Editora - Marconi Fabio Vieira, PMP","isPartOf":{"@id":"https:\/\/marconivieira.com.br\/#website"},"primaryImageOfPage":{"@id":"https:\/\/marconivieira.com.br\/index.php\/2020\/09\/16\/grande-dicionario-da-lingua-portuguesa-da-porto-editora\/#primaryimage"},"image":{"@id":"https:\/\/marconivieira.com.br\/index.php\/2020\/09\/16\/grande-dicionario-da-lingua-portuguesa-da-porto-editora\/#primaryimage"},"thumbnailUrl":"https:\/\/marconivieira.com.br\/wp-content\/uploads\/2020\/09\/Grande_Dicionario_da_Lingua_Portuguesa-e1600272631332.jpg","datePublished":"2020-09-16T16:10:41+00:00","dateModified":"2020-09-16T16:11:16+00:00","author":{"@id":"https:\/\/marconivieira.com.br\/#\/schema\/person\/ecda8bc0143a3594d0d84bb876790b4c"},"breadcrumb":{"@id":"https:\/\/marconivieira.com.br\/index.php\/2020\/09\/16\/grande-dicionario-da-lingua-portuguesa-da-porto-editora\/#breadcrumb"},"inLanguage":"pt-BR","potentialAction":[{"@type":"ReadAction","target":["https:\/\/marconivieira.com.br\/index.php\/2020\/09\/16\/grande-dicionario-da-lingua-portuguesa-da-porto-editora\/"]}]},{"@type":"ImageObject","inLanguage":"pt-BR","@id":"https:\/\/marconivieira.com.br\/index.php\/2020\/09\/16\/grande-dicionario-da-lingua-portuguesa-da-porto-editora\/#primaryimage","url":"https:\/\/marconivieira.com.br\/wp-content\/uploads\/2020\/09\/Grande_Dicionario_da_Lingua_Portuguesa-e1600272631332.jpg","contentUrl":"https:\/\/marconivieira.com.br\/wp-content\/uploads\/2020\/09\/Grande_Dicionario_da_Lingua_Portuguesa-e1600272631332.jpg","width":200,"height":293},{"@type":"BreadcrumbList","@id":"https:\/\/marconivieira.com.br\/index.php\/2020\/09\/16\/grande-dicionario-da-lingua-portuguesa-da-porto-editora\/#breadcrumb","itemListElement":[{"@type":"ListItem","position":1,"name":"In\u00edcio","item":"https:\/\/marconivieira.com.br\/"},{"@type":"ListItem","position":2,"name":"Grande Dicion\u00e1rio da L\u00edngua Portuguesa da Porto Editora"}]},{"@type":"WebSite","@id":"https:\/\/marconivieira.com.br\/#website","url":"https:\/\/marconivieira.com.br\/","name":"Marconi Fabio Vieira, PMP","description":"Livros e Artigos que Edificam","potentialAction":[{"@type":"SearchAction","target":{"@type":"EntryPoint","urlTemplate":"https:\/\/marconivieira.com.br\/?s={search_term_string}"},"query-input":{"@type":"PropertyValueSpecification","valueRequired":true,"valueName":"search_term_string"}}],"inLanguage":"pt-BR"},{"@type":"Person","@id":"https:\/\/marconivieira.com.br\/#\/schema\/person\/ecda8bc0143a3594d0d84bb876790b4c","name":"marconivieira","image":{"@type":"ImageObject","inLanguage":"pt-BR","@id":"https:\/\/marconivieira.com.br\/#\/schema\/person\/image\/","url":"https:\/\/secure.gravatar.com\/avatar\/87e78cc6508dce8559a41de4d1bc77be10e5bf347e873fa9c483811e38b5b190?s=96&d=mm&r=g","contentUrl":"https:\/\/secure.gravatar.com\/avatar\/87e78cc6508dce8559a41de4d1bc77be10e5bf347e873fa9c483811e38b5b190?s=96&d=mm&r=g","caption":"marconivieira"},"sameAs":["https:\/\/marconivieira.com.br"],"url":"https:\/\/marconivieira.com.br\/index.php\/author\/marconivieira\/"}]}},"_links":{"self":[{"href":"https:\/\/marconivieira.com.br\/index.php\/wp-json\/wp\/v2\/posts\/213","targetHints":{"allow":["GET"]}}],"collection":[{"href":"https:\/\/marconivieira.com.br\/index.php\/wp-json\/wp\/v2\/posts"}],"about":[{"href":"https:\/\/marconivieira.com.br\/index.php\/wp-json\/wp\/v2\/types\/post"}],"author":[{"embeddable":true,"href":"https:\/\/marconivieira.com.br\/index.php\/wp-json\/wp\/v2\/users\/1"}],"replies":[{"embeddable":true,"href":"https:\/\/marconivieira.com.br\/index.php\/wp-json\/wp\/v2\/comments?post=213"}],"version-history":[{"count":2,"href":"https:\/\/marconivieira.com.br\/index.php\/wp-json\/wp\/v2\/posts\/213\/revisions"}],"predecessor-version":[{"id":216,"href":"https:\/\/marconivieira.com.br\/index.php\/wp-json\/wp\/v2\/posts\/213\/revisions\/216"}],"wp:featuredmedia":[{"embeddable":true,"href":"https:\/\/marconivieira.com.br\/index.php\/wp-json\/wp\/v2\/media\/214"}],"wp:attachment":[{"href":"https:\/\/marconivieira.com.br\/index.php\/wp-json\/wp\/v2\/media?parent=213"}],"wp:term":[{"taxonomy":"category","embeddable":true,"href":"https:\/\/marconivieira.com.br\/index.php\/wp-json\/wp\/v2\/categories?post=213"},{"taxonomy":"post_tag","embeddable":true,"href":"https:\/\/marconivieira.com.br\/index.php\/wp-json\/wp\/v2\/tags?post=213"}],"curies":[{"name":"wp","href":"https:\/\/api.w.org\/{rel}","templated":true}]}}