{"id":225,"date":"2020-09-16T13:21:22","date_gmt":"2020-09-16T16:21:22","guid":{"rendered":"http:\/\/marconivieira.com.br\/?p=225"},"modified":"2020-09-16T13:22:14","modified_gmt":"2020-09-16T16:22:14","slug":"dicionario-escolar-da-lingua-portuguesa-academia-brasileira-de-letras","status":"publish","type":"post","link":"https:\/\/marconivieira.com.br\/index.php\/2020\/09\/16\/dicionario-escolar-da-lingua-portuguesa-academia-brasileira-de-letras\/","title":{"rendered":"Dicion\u00e1rio escolar da L\u00edngua Portuguesa &#8211; Academia Brasileira de Letras"},"content":{"rendered":"<p>O Dicion\u00e1rio escolar da l\u00edngua portuguesa \u00e9 o novo lan\u00e7amento da Companhia Editora Nacional. Dirigido ao estudante do ensino fundamental e m\u00e9dio, a obra foi elaborada com supervis\u00e3o do gram\u00e1tico Evanildo C. Bechara e apresenta mais de 33.000 verbetes. Como complementos, o dicion\u00e1rio traz um estudo sobre o verbo em portugu\u00eas, com remiss\u00e3o para os verbetes e um suplemento explicativo do Acordo Ortogr\u00e1fico. As novas regras da l\u00edngua trazem entre outras mudan\u00e7as a inclus\u00e3o das letras K, W e Y no alfabeto, supress\u00e3o de acentos diferenciais e altera\u00e7\u00e3o no emprego do h\u00edfen, este talvez o ponto de maiores d\u00favidas na aplica\u00e7\u00e3o das regras e que \u00e9 totalmente esclarecido pela Academia no dicion\u00e1rio.<\/p>\n<p><iframe style=\"width: 120px; height: 240px;\" src=\"\/\/ws-na.amazon-adsystem.com\/widgets\/q?ServiceVersion=20070822&amp;OneJS=1&amp;Operation=GetAdHtml&amp;MarketPlace=BR&amp;source=ac&amp;ref=tf_til&amp;ad_type=product_link&amp;tracking_id=marconiv-20&amp;marketplace=amazon&amp;region=BR&amp;placement=8504011887&amp;asins=8504011887&amp;linkId=afb4728eb3ecb078ef62c6c6b0aa8bfb&amp;show_border=false&amp;link_opens_in_new_window=true&amp;price_color=333333&amp;title_color=0066c0&amp;bg_color=ffffff\" frameborder=\"0\" marginwidth=\"0\" marginheight=\"0\" scrolling=\"no\"><br \/>\n    <\/iframe><\/p>\n","protected":false},"excerpt":{"rendered":"<p>O Dicion\u00e1rio escolar da l\u00edngua portuguesa \u00e9 o novo lan\u00e7amento da Companhia Editora Nacional. Dirigido ao estudante do ensino fundamental e m\u00e9dio, a obra foi elaborada com supervis\u00e3o do gram\u00e1tico Evanildo C. Bechara e apresenta mais de 33.000 verbetes. Como complementos, o dicion\u00e1rio traz um estudo sobre o verbo em portugu\u00eas, com remiss\u00e3o para os [&hellip;]<\/p>\n","protected":false},"author":1,"featured_media":226,"comment_status":"open","ping_status":"open","sticky":false,"template":"","format":"standard","meta":{"footnotes":""},"categories":[51],"tags":[56,55],"class_list":["post-225","post","type-post","status-publish","format-standard","has-post-thumbnail","hentry","category-dicionarios","tag-academia-brasileira-de-letras","tag-dicionario"],"yoast_head":"<!-- This site is optimized with the Yoast SEO plugin v24.9 - https:\/\/yoast.com\/wordpress\/plugins\/seo\/ -->\n<title>Dicion\u00e1rio escolar da L\u00edngua Portuguesa - Academia Brasileira de Letras - Marconi Fabio Vieira, PMP<\/title>\n<meta name=\"robots\" content=\"index, follow, max-snippet:-1, max-image-preview:large, max-video-preview:-1\" \/>\n<link rel=\"canonical\" href=\"https:\/\/marconivieira.com.br\/index.php\/2020\/09\/16\/dicionario-escolar-da-lingua-portuguesa-academia-brasileira-de-letras\/\" \/>\n<meta property=\"og:locale\" content=\"pt_BR\" \/>\n<meta property=\"og:type\" content=\"article\" \/>\n<meta property=\"og:title\" content=\"Dicion\u00e1rio escolar da L\u00edngua Portuguesa - Academia Brasileira de Letras - Marconi Fabio Vieira, PMP\" \/>\n<meta property=\"og:description\" content=\"O Dicion\u00e1rio escolar da l\u00edngua portuguesa \u00e9 o novo lan\u00e7amento da Companhia Editora Nacional. Dirigido ao estudante do ensino fundamental e m\u00e9dio, a obra foi elaborada com supervis\u00e3o do gram\u00e1tico Evanildo C. Bechara e apresenta mais de 33.000 verbetes. Como complementos, o dicion\u00e1rio traz um estudo sobre o verbo em portugu\u00eas, com remiss\u00e3o para os [&hellip;]\" \/>\n<meta property=\"og:url\" content=\"https:\/\/marconivieira.com.br\/index.php\/2020\/09\/16\/dicionario-escolar-da-lingua-portuguesa-academia-brasileira-de-letras\/\" \/>\n<meta property=\"og:site_name\" content=\"Marconi Fabio Vieira, PMP\" \/>\n<meta property=\"article:published_time\" content=\"2020-09-16T16:21:22+00:00\" \/>\n<meta property=\"article:modified_time\" content=\"2020-09-16T16:22:14+00:00\" \/>\n<meta property=\"og:image\" content=\"https:\/\/marconivieira.com.br\/wp-content\/uploads\/2020\/09\/Dicionario_Academia_Brasileira_Letras-e1600273270697.jpg\" \/>\n\t<meta property=\"og:image:width\" content=\"200\" \/>\n\t<meta property=\"og:image:height\" content=\"300\" \/>\n\t<meta property=\"og:image:type\" content=\"image\/jpeg\" \/>\n<meta name=\"author\" content=\"marconivieira\" \/>\n<meta name=\"twitter:card\" content=\"summary_large_image\" \/>\n<meta name=\"twitter:label1\" content=\"Escrito por\" \/>\n\t<meta name=\"twitter:data1\" content=\"marconivieira\" \/>\n\t<meta name=\"twitter:label2\" content=\"Est. tempo de leitura\" \/>\n\t<meta name=\"twitter:data2\" content=\"1 minuto\" \/>\n<script type=\"application\/ld+json\" class=\"yoast-schema-graph\">{\"@context\":\"https:\/\/schema.org\",\"@graph\":[{\"@type\":\"WebPage\",\"@id\":\"https:\/\/marconivieira.com.br\/index.php\/2020\/09\/16\/dicionario-escolar-da-lingua-portuguesa-academia-brasileira-de-letras\/\",\"url\":\"https:\/\/marconivieira.com.br\/index.php\/2020\/09\/16\/dicionario-escolar-da-lingua-portuguesa-academia-brasileira-de-letras\/\",\"name\":\"Dicion\u00e1rio escolar da L\u00edngua Portuguesa - Academia Brasileira de Letras - Marconi Fabio Vieira, PMP\",\"isPartOf\":{\"@id\":\"https:\/\/marconivieira.com.br\/#website\"},\"primaryImageOfPage\":{\"@id\":\"https:\/\/marconivieira.com.br\/index.php\/2020\/09\/16\/dicionario-escolar-da-lingua-portuguesa-academia-brasileira-de-letras\/#primaryimage\"},\"image\":{\"@id\":\"https:\/\/marconivieira.com.br\/index.php\/2020\/09\/16\/dicionario-escolar-da-lingua-portuguesa-academia-brasileira-de-letras\/#primaryimage\"},\"thumbnailUrl\":\"https:\/\/marconivieira.com.br\/wp-content\/uploads\/2020\/09\/Dicionario_Academia_Brasileira_Letras-e1600273270697.jpg\",\"datePublished\":\"2020-09-16T16:21:22+00:00\",\"dateModified\":\"2020-09-16T16:22:14+00:00\",\"author\":{\"@id\":\"https:\/\/marconivieira.com.br\/#\/schema\/person\/ecda8bc0143a3594d0d84bb876790b4c\"},\"breadcrumb\":{\"@id\":\"https:\/\/marconivieira.com.br\/index.php\/2020\/09\/16\/dicionario-escolar-da-lingua-portuguesa-academia-brasileira-de-letras\/#breadcrumb\"},\"inLanguage\":\"pt-BR\",\"potentialAction\":[{\"@type\":\"ReadAction\",\"target\":[\"https:\/\/marconivieira.com.br\/index.php\/2020\/09\/16\/dicionario-escolar-da-lingua-portuguesa-academia-brasileira-de-letras\/\"]}]},{\"@type\":\"ImageObject\",\"inLanguage\":\"pt-BR\",\"@id\":\"https:\/\/marconivieira.com.br\/index.php\/2020\/09\/16\/dicionario-escolar-da-lingua-portuguesa-academia-brasileira-de-letras\/#primaryimage\",\"url\":\"https:\/\/marconivieira.com.br\/wp-content\/uploads\/2020\/09\/Dicionario_Academia_Brasileira_Letras-e1600273270697.jpg\",\"contentUrl\":\"https:\/\/marconivieira.com.br\/wp-content\/uploads\/2020\/09\/Dicionario_Academia_Brasileira_Letras-e1600273270697.jpg\",\"width\":200,\"height\":300},{\"@type\":\"BreadcrumbList\",\"@id\":\"https:\/\/marconivieira.com.br\/index.php\/2020\/09\/16\/dicionario-escolar-da-lingua-portuguesa-academia-brasileira-de-letras\/#breadcrumb\",\"itemListElement\":[{\"@type\":\"ListItem\",\"position\":1,\"name\":\"In\u00edcio\",\"item\":\"https:\/\/marconivieira.com.br\/\"},{\"@type\":\"ListItem\",\"position\":2,\"name\":\"Dicion\u00e1rio escolar da L\u00edngua Portuguesa &#8211; Academia Brasileira de Letras\"}]},{\"@type\":\"WebSite\",\"@id\":\"https:\/\/marconivieira.com.br\/#website\",\"url\":\"https:\/\/marconivieira.com.br\/\",\"name\":\"Marconi Fabio Vieira, PMP\",\"description\":\"Livros e Artigos que Edificam\",\"potentialAction\":[{\"@type\":\"SearchAction\",\"target\":{\"@type\":\"EntryPoint\",\"urlTemplate\":\"https:\/\/marconivieira.com.br\/?s={search_term_string}\"},\"query-input\":{\"@type\":\"PropertyValueSpecification\",\"valueRequired\":true,\"valueName\":\"search_term_string\"}}],\"inLanguage\":\"pt-BR\"},{\"@type\":\"Person\",\"@id\":\"https:\/\/marconivieira.com.br\/#\/schema\/person\/ecda8bc0143a3594d0d84bb876790b4c\",\"name\":\"marconivieira\",\"image\":{\"@type\":\"ImageObject\",\"inLanguage\":\"pt-BR\",\"@id\":\"https:\/\/marconivieira.com.br\/#\/schema\/person\/image\/\",\"url\":\"https:\/\/secure.gravatar.com\/avatar\/87e78cc6508dce8559a41de4d1bc77be10e5bf347e873fa9c483811e38b5b190?s=96&d=mm&r=g\",\"contentUrl\":\"https:\/\/secure.gravatar.com\/avatar\/87e78cc6508dce8559a41de4d1bc77be10e5bf347e873fa9c483811e38b5b190?s=96&d=mm&r=g\",\"caption\":\"marconivieira\"},\"sameAs\":[\"https:\/\/marconivieira.com.br\"],\"url\":\"https:\/\/marconivieira.com.br\/index.php\/author\/marconivieira\/\"}]}<\/script>\n<!-- \/ Yoast SEO plugin. -->","yoast_head_json":{"title":"Dicion\u00e1rio escolar da L\u00edngua Portuguesa - Academia Brasileira de Letras - Marconi Fabio Vieira, PMP","robots":{"index":"index","follow":"follow","max-snippet":"max-snippet:-1","max-image-preview":"max-image-preview:large","max-video-preview":"max-video-preview:-1"},"canonical":"https:\/\/marconivieira.com.br\/index.php\/2020\/09\/16\/dicionario-escolar-da-lingua-portuguesa-academia-brasileira-de-letras\/","og_locale":"pt_BR","og_type":"article","og_title":"Dicion\u00e1rio escolar da L\u00edngua Portuguesa - Academia Brasileira de Letras - Marconi Fabio Vieira, PMP","og_description":"O Dicion\u00e1rio escolar da l\u00edngua portuguesa \u00e9 o novo lan\u00e7amento da Companhia Editora Nacional. Dirigido ao estudante do ensino fundamental e m\u00e9dio, a obra foi elaborada com supervis\u00e3o do gram\u00e1tico Evanildo C. Bechara e apresenta mais de 33.000 verbetes. Como complementos, o dicion\u00e1rio traz um estudo sobre o verbo em portugu\u00eas, com remiss\u00e3o para os [&hellip;]","og_url":"https:\/\/marconivieira.com.br\/index.php\/2020\/09\/16\/dicionario-escolar-da-lingua-portuguesa-academia-brasileira-de-letras\/","og_site_name":"Marconi Fabio Vieira, PMP","article_published_time":"2020-09-16T16:21:22+00:00","article_modified_time":"2020-09-16T16:22:14+00:00","og_image":[{"width":200,"height":300,"url":"https:\/\/marconivieira.com.br\/wp-content\/uploads\/2020\/09\/Dicionario_Academia_Brasileira_Letras-e1600273270697.jpg","type":"image\/jpeg"}],"author":"marconivieira","twitter_card":"summary_large_image","twitter_misc":{"Escrito por":"marconivieira","Est. tempo de leitura":"1 minuto"},"schema":{"@context":"https:\/\/schema.org","@graph":[{"@type":"WebPage","@id":"https:\/\/marconivieira.com.br\/index.php\/2020\/09\/16\/dicionario-escolar-da-lingua-portuguesa-academia-brasileira-de-letras\/","url":"https:\/\/marconivieira.com.br\/index.php\/2020\/09\/16\/dicionario-escolar-da-lingua-portuguesa-academia-brasileira-de-letras\/","name":"Dicion\u00e1rio escolar da L\u00edngua Portuguesa - Academia Brasileira de Letras - Marconi Fabio Vieira, PMP","isPartOf":{"@id":"https:\/\/marconivieira.com.br\/#website"},"primaryImageOfPage":{"@id":"https:\/\/marconivieira.com.br\/index.php\/2020\/09\/16\/dicionario-escolar-da-lingua-portuguesa-academia-brasileira-de-letras\/#primaryimage"},"image":{"@id":"https:\/\/marconivieira.com.br\/index.php\/2020\/09\/16\/dicionario-escolar-da-lingua-portuguesa-academia-brasileira-de-letras\/#primaryimage"},"thumbnailUrl":"https:\/\/marconivieira.com.br\/wp-content\/uploads\/2020\/09\/Dicionario_Academia_Brasileira_Letras-e1600273270697.jpg","datePublished":"2020-09-16T16:21:22+00:00","dateModified":"2020-09-16T16:22:14+00:00","author":{"@id":"https:\/\/marconivieira.com.br\/#\/schema\/person\/ecda8bc0143a3594d0d84bb876790b4c"},"breadcrumb":{"@id":"https:\/\/marconivieira.com.br\/index.php\/2020\/09\/16\/dicionario-escolar-da-lingua-portuguesa-academia-brasileira-de-letras\/#breadcrumb"},"inLanguage":"pt-BR","potentialAction":[{"@type":"ReadAction","target":["https:\/\/marconivieira.com.br\/index.php\/2020\/09\/16\/dicionario-escolar-da-lingua-portuguesa-academia-brasileira-de-letras\/"]}]},{"@type":"ImageObject","inLanguage":"pt-BR","@id":"https:\/\/marconivieira.com.br\/index.php\/2020\/09\/16\/dicionario-escolar-da-lingua-portuguesa-academia-brasileira-de-letras\/#primaryimage","url":"https:\/\/marconivieira.com.br\/wp-content\/uploads\/2020\/09\/Dicionario_Academia_Brasileira_Letras-e1600273270697.jpg","contentUrl":"https:\/\/marconivieira.com.br\/wp-content\/uploads\/2020\/09\/Dicionario_Academia_Brasileira_Letras-e1600273270697.jpg","width":200,"height":300},{"@type":"BreadcrumbList","@id":"https:\/\/marconivieira.com.br\/index.php\/2020\/09\/16\/dicionario-escolar-da-lingua-portuguesa-academia-brasileira-de-letras\/#breadcrumb","itemListElement":[{"@type":"ListItem","position":1,"name":"In\u00edcio","item":"https:\/\/marconivieira.com.br\/"},{"@type":"ListItem","position":2,"name":"Dicion\u00e1rio escolar da L\u00edngua Portuguesa &#8211; Academia Brasileira de Letras"}]},{"@type":"WebSite","@id":"https:\/\/marconivieira.com.br\/#website","url":"https:\/\/marconivieira.com.br\/","name":"Marconi Fabio Vieira, PMP","description":"Livros e Artigos que Edificam","potentialAction":[{"@type":"SearchAction","target":{"@type":"EntryPoint","urlTemplate":"https:\/\/marconivieira.com.br\/?s={search_term_string}"},"query-input":{"@type":"PropertyValueSpecification","valueRequired":true,"valueName":"search_term_string"}}],"inLanguage":"pt-BR"},{"@type":"Person","@id":"https:\/\/marconivieira.com.br\/#\/schema\/person\/ecda8bc0143a3594d0d84bb876790b4c","name":"marconivieira","image":{"@type":"ImageObject","inLanguage":"pt-BR","@id":"https:\/\/marconivieira.com.br\/#\/schema\/person\/image\/","url":"https:\/\/secure.gravatar.com\/avatar\/87e78cc6508dce8559a41de4d1bc77be10e5bf347e873fa9c483811e38b5b190?s=96&d=mm&r=g","contentUrl":"https:\/\/secure.gravatar.com\/avatar\/87e78cc6508dce8559a41de4d1bc77be10e5bf347e873fa9c483811e38b5b190?s=96&d=mm&r=g","caption":"marconivieira"},"sameAs":["https:\/\/marconivieira.com.br"],"url":"https:\/\/marconivieira.com.br\/index.php\/author\/marconivieira\/"}]}},"_links":{"self":[{"href":"https:\/\/marconivieira.com.br\/index.php\/wp-json\/wp\/v2\/posts\/225","targetHints":{"allow":["GET"]}}],"collection":[{"href":"https:\/\/marconivieira.com.br\/index.php\/wp-json\/wp\/v2\/posts"}],"about":[{"href":"https:\/\/marconivieira.com.br\/index.php\/wp-json\/wp\/v2\/types\/post"}],"author":[{"embeddable":true,"href":"https:\/\/marconivieira.com.br\/index.php\/wp-json\/wp\/v2\/users\/1"}],"replies":[{"embeddable":true,"href":"https:\/\/marconivieira.com.br\/index.php\/wp-json\/wp\/v2\/comments?post=225"}],"version-history":[{"count":2,"href":"https:\/\/marconivieira.com.br\/index.php\/wp-json\/wp\/v2\/posts\/225\/revisions"}],"predecessor-version":[{"id":228,"href":"https:\/\/marconivieira.com.br\/index.php\/wp-json\/wp\/v2\/posts\/225\/revisions\/228"}],"wp:featuredmedia":[{"embeddable":true,"href":"https:\/\/marconivieira.com.br\/index.php\/wp-json\/wp\/v2\/media\/226"}],"wp:attachment":[{"href":"https:\/\/marconivieira.com.br\/index.php\/wp-json\/wp\/v2\/media?parent=225"}],"wp:term":[{"taxonomy":"category","embeddable":true,"href":"https:\/\/marconivieira.com.br\/index.php\/wp-json\/wp\/v2\/categories?post=225"},{"taxonomy":"post_tag","embeddable":true,"href":"https:\/\/marconivieira.com.br\/index.php\/wp-json\/wp\/v2\/tags?post=225"}],"curies":[{"name":"wp","href":"https:\/\/api.w.org\/{rel}","templated":true}]}}