{"id":251,"date":"2020-09-17T17:26:20","date_gmt":"2020-09-17T20:26:20","guid":{"rendered":"http:\/\/marconivieira.com.br\/?p=251"},"modified":"2020-09-17T17:26:41","modified_gmt":"2020-09-17T20:26:41","slug":"biblia-sagrada-com-reflexoes-de-lutero-nova-traducao-na-linguagem-de-hoje","status":"publish","type":"post","link":"https:\/\/marconivieira.com.br\/index.php\/2020\/09\/17\/biblia-sagrada-com-reflexoes-de-lutero-nova-traducao-na-linguagem-de-hoje\/","title":{"rendered":"B\u00edblia Sagrada com reflex\u00f5es de Lutero: Nova Tradu\u00e7\u00e3o na Linguagem de Hoje"},"content":{"rendered":"<p>Esta edi\u00e7\u00e3o da B\u00edblia Sagrada cont\u00e9m cerca de 900 reflex\u00f5es de Martinho Lutero selecionadas por estudiosos especialistas no vasto acervo de escritos deixados pelo te\u00f3logo que, h\u00e1 alguns anos, est\u00e3o sendo traduzidos e disponibilizados tamb\u00e9m em l\u00edngua Portugu\u00easa. A obra est\u00e1 voltada mais para a compreens\u00e3o hist\u00f3rica e exeg\u00e9tica dos textos b\u00edblicos, ou, ainda, para uma orienta\u00e7\u00e3o pastoral e pr\u00e1tica. A contribui\u00e7\u00e3o de Lutero na caminhada do cristianismo \u00e9 reconhecida de forma universal, j\u00e1 que sua obra \u00e9 citada por escritores de praticamente todas as correntes crist\u00e3s. Foram escolhidas reflex\u00f5es que estivessem relacionadas direta ou indiretamente ao texto b\u00edblico, a partir de obras de Lutero publicadas em portugu\u00eas pela Comiss\u00e3o Interluterana de Literatura (CIL). \u00danica no mundo, a B\u00edblia Sagrada com Reflex\u00f5es de Lutero oferece recursos que contribuem para prega\u00e7\u00e3o do Evangelho e edifica\u00e7\u00e3o da Igreja crist\u00e3.<\/p>\n<p>Recursos<br \/>\n&gt;&gt; \u00cdndice ativo com os livros da B\u00edblia<br \/>\n&gt;&gt; Navega\u00e7\u00e3o entre cap\u00edtulos e vers\u00edculos<br \/>\n&gt;&gt; Quadros de estudo ao longo do texto b\u00edblico<br \/>\n&gt;&gt; Notas de tradu\u00e7\u00e3o e refer\u00eancias da NTLH<br \/>\n&gt;&gt; Vocabul\u00e1rio<\/p>\n<p>Aux\u00edlios<br \/>\n&gt;&gt; Breve retrospectiva hist\u00f3rica sobre a Reforma Luterana<br \/>\n&gt;&gt; Pr\u00e9dicas semanais sobre Mateus 5\u20147<br \/>\n&gt;&gt; O cap\u00edtulo 15 da Primeira Carta de S. Paulo aos Cor\u00edntios<br \/>\n&gt;&gt; Coment\u00e1rio da Ep\u00edstola aos G\u00e1latas<br \/>\n&gt;&gt; Breve instru\u00e7\u00e3o sobre o que se deve procurar nos Evangelhos e esperar deles<br \/>\n&gt;&gt; Uma sele\u00e7\u00e3o dos hinos compostos por Martinho Lutero<br \/>\n&gt;&gt; Catecismo Menor para os pastores e pregadores indoutos<br \/>\n&gt;&gt; Breve gloss\u00e1rio<br \/>\n&gt;&gt; \u00cdndice remissivo<\/p>\n<p><iframe style=\"width:120px;height:240px;\" marginwidth=\"0\" marginheight=\"0\" scrolling=\"no\" frameborder=\"0\" src=\"\/\/ws-na.amazon-adsystem.com\/widgets\/q?ServiceVersion=20070822&amp;OneJS=1&amp;Operation=GetAdHtml&amp;MarketPlace=BR&amp;source=ac&amp;ref=tf_til&amp;ad_type=product_link&amp;tracking_id=marconiv-20&amp;marketplace=amazon&amp;region=BR&amp;placement=B01MQ4U02R&amp;asins=B01MQ4U02R&amp;linkId=7bd6170a256568c00ef37f226c43b946&amp;show_border=false&amp;link_opens_in_new_window=true&amp;price_color=333333&amp;title_color=0066c0&amp;bg_color=ffffff\"><br \/>\n    <\/iframe><\/p>\n","protected":false},"excerpt":{"rendered":"<p>Esta edi\u00e7\u00e3o da B\u00edblia Sagrada cont\u00e9m cerca de 900 reflex\u00f5es de Martinho Lutero selecionadas por estudiosos especialistas no vasto acervo de escritos deixados pelo te\u00f3logo que, h\u00e1 alguns anos, est\u00e3o sendo traduzidos e disponibilizados tamb\u00e9m em l\u00edngua Portugu\u00easa. A obra est\u00e1 voltada mais para a compreens\u00e3o hist\u00f3rica e exeg\u00e9tica dos textos b\u00edblicos, ou, ainda, para [&hellip;]<\/p>\n","protected":false},"author":1,"featured_media":252,"comment_status":"open","ping_status":"open","sticky":false,"template":"","format":"standard","meta":{"footnotes":""},"categories":[61],"tags":[64,65],"class_list":["post-251","post","type-post","status-publish","format-standard","has-post-thumbnail","hentry","category-biblias_comentarios","tag-biblia-sagrada","tag-lutero"],"yoast_head":"<!-- This site is optimized with the Yoast SEO plugin v24.9 - https:\/\/yoast.com\/wordpress\/plugins\/seo\/ -->\n<title>B\u00edblia Sagrada com reflex\u00f5es de Lutero: Nova Tradu\u00e7\u00e3o na Linguagem de Hoje - Marconi Fabio Vieira, PMP<\/title>\n<meta name=\"robots\" content=\"index, follow, max-snippet:-1, max-image-preview:large, max-video-preview:-1\" \/>\n<link rel=\"canonical\" href=\"https:\/\/marconivieira.com.br\/index.php\/2020\/09\/17\/biblia-sagrada-com-reflexoes-de-lutero-nova-traducao-na-linguagem-de-hoje\/\" \/>\n<meta property=\"og:locale\" content=\"pt_BR\" \/>\n<meta property=\"og:type\" content=\"article\" \/>\n<meta property=\"og:title\" content=\"B\u00edblia Sagrada com reflex\u00f5es de Lutero: Nova Tradu\u00e7\u00e3o na Linguagem de Hoje - Marconi Fabio Vieira, PMP\" \/>\n<meta property=\"og:description\" content=\"Esta edi\u00e7\u00e3o da B\u00edblia Sagrada cont\u00e9m cerca de 900 reflex\u00f5es de Martinho Lutero selecionadas por estudiosos especialistas no vasto acervo de escritos deixados pelo te\u00f3logo que, h\u00e1 alguns anos, est\u00e3o sendo traduzidos e disponibilizados tamb\u00e9m em l\u00edngua Portugu\u00easa. A obra est\u00e1 voltada mais para a compreens\u00e3o hist\u00f3rica e exeg\u00e9tica dos textos b\u00edblicos, ou, ainda, para [&hellip;]\" \/>\n<meta property=\"og:url\" content=\"https:\/\/marconivieira.com.br\/index.php\/2020\/09\/17\/biblia-sagrada-com-reflexoes-de-lutero-nova-traducao-na-linguagem-de-hoje\/\" \/>\n<meta property=\"og:site_name\" content=\"Marconi Fabio Vieira, PMP\" \/>\n<meta property=\"article:published_time\" content=\"2020-09-17T20:26:20+00:00\" \/>\n<meta property=\"article:modified_time\" content=\"2020-09-17T20:26:41+00:00\" \/>\n<meta property=\"og:image\" content=\"https:\/\/marconivieira.com.br\/wp-content\/uploads\/2020\/09\/biblia_lutero-e1600374361595.jpg\" \/>\n\t<meta property=\"og:image:width\" content=\"200\" \/>\n\t<meta property=\"og:image:height\" content=\"300\" \/>\n\t<meta property=\"og:image:type\" content=\"image\/jpeg\" \/>\n<meta name=\"author\" content=\"marconivieira\" \/>\n<meta name=\"twitter:card\" content=\"summary_large_image\" \/>\n<meta name=\"twitter:label1\" content=\"Escrito por\" \/>\n\t<meta name=\"twitter:data1\" content=\"marconivieira\" \/>\n\t<meta name=\"twitter:label2\" content=\"Est. tempo de leitura\" \/>\n\t<meta name=\"twitter:data2\" content=\"1 minuto\" \/>\n<script type=\"application\/ld+json\" class=\"yoast-schema-graph\">{\"@context\":\"https:\/\/schema.org\",\"@graph\":[{\"@type\":\"WebPage\",\"@id\":\"https:\/\/marconivieira.com.br\/index.php\/2020\/09\/17\/biblia-sagrada-com-reflexoes-de-lutero-nova-traducao-na-linguagem-de-hoje\/\",\"url\":\"https:\/\/marconivieira.com.br\/index.php\/2020\/09\/17\/biblia-sagrada-com-reflexoes-de-lutero-nova-traducao-na-linguagem-de-hoje\/\",\"name\":\"B\u00edblia Sagrada com reflex\u00f5es de Lutero: Nova Tradu\u00e7\u00e3o na Linguagem de Hoje - Marconi Fabio Vieira, PMP\",\"isPartOf\":{\"@id\":\"https:\/\/marconivieira.com.br\/#website\"},\"primaryImageOfPage\":{\"@id\":\"https:\/\/marconivieira.com.br\/index.php\/2020\/09\/17\/biblia-sagrada-com-reflexoes-de-lutero-nova-traducao-na-linguagem-de-hoje\/#primaryimage\"},\"image\":{\"@id\":\"https:\/\/marconivieira.com.br\/index.php\/2020\/09\/17\/biblia-sagrada-com-reflexoes-de-lutero-nova-traducao-na-linguagem-de-hoje\/#primaryimage\"},\"thumbnailUrl\":\"https:\/\/marconivieira.com.br\/wp-content\/uploads\/2020\/09\/biblia_lutero-e1600374361595.jpg\",\"datePublished\":\"2020-09-17T20:26:20+00:00\",\"dateModified\":\"2020-09-17T20:26:41+00:00\",\"author\":{\"@id\":\"https:\/\/marconivieira.com.br\/#\/schema\/person\/ecda8bc0143a3594d0d84bb876790b4c\"},\"breadcrumb\":{\"@id\":\"https:\/\/marconivieira.com.br\/index.php\/2020\/09\/17\/biblia-sagrada-com-reflexoes-de-lutero-nova-traducao-na-linguagem-de-hoje\/#breadcrumb\"},\"inLanguage\":\"pt-BR\",\"potentialAction\":[{\"@type\":\"ReadAction\",\"target\":[\"https:\/\/marconivieira.com.br\/index.php\/2020\/09\/17\/biblia-sagrada-com-reflexoes-de-lutero-nova-traducao-na-linguagem-de-hoje\/\"]}]},{\"@type\":\"ImageObject\",\"inLanguage\":\"pt-BR\",\"@id\":\"https:\/\/marconivieira.com.br\/index.php\/2020\/09\/17\/biblia-sagrada-com-reflexoes-de-lutero-nova-traducao-na-linguagem-de-hoje\/#primaryimage\",\"url\":\"https:\/\/marconivieira.com.br\/wp-content\/uploads\/2020\/09\/biblia_lutero-e1600374361595.jpg\",\"contentUrl\":\"https:\/\/marconivieira.com.br\/wp-content\/uploads\/2020\/09\/biblia_lutero-e1600374361595.jpg\",\"width\":200,\"height\":300},{\"@type\":\"BreadcrumbList\",\"@id\":\"https:\/\/marconivieira.com.br\/index.php\/2020\/09\/17\/biblia-sagrada-com-reflexoes-de-lutero-nova-traducao-na-linguagem-de-hoje\/#breadcrumb\",\"itemListElement\":[{\"@type\":\"ListItem\",\"position\":1,\"name\":\"In\u00edcio\",\"item\":\"https:\/\/marconivieira.com.br\/\"},{\"@type\":\"ListItem\",\"position\":2,\"name\":\"B\u00edblia Sagrada com reflex\u00f5es de Lutero: Nova Tradu\u00e7\u00e3o na Linguagem de Hoje\"}]},{\"@type\":\"WebSite\",\"@id\":\"https:\/\/marconivieira.com.br\/#website\",\"url\":\"https:\/\/marconivieira.com.br\/\",\"name\":\"Marconi Fabio Vieira, PMP\",\"description\":\"Livros e Artigos que Edificam\",\"potentialAction\":[{\"@type\":\"SearchAction\",\"target\":{\"@type\":\"EntryPoint\",\"urlTemplate\":\"https:\/\/marconivieira.com.br\/?s={search_term_string}\"},\"query-input\":{\"@type\":\"PropertyValueSpecification\",\"valueRequired\":true,\"valueName\":\"search_term_string\"}}],\"inLanguage\":\"pt-BR\"},{\"@type\":\"Person\",\"@id\":\"https:\/\/marconivieira.com.br\/#\/schema\/person\/ecda8bc0143a3594d0d84bb876790b4c\",\"name\":\"marconivieira\",\"image\":{\"@type\":\"ImageObject\",\"inLanguage\":\"pt-BR\",\"@id\":\"https:\/\/marconivieira.com.br\/#\/schema\/person\/image\/\",\"url\":\"https:\/\/secure.gravatar.com\/avatar\/87e78cc6508dce8559a41de4d1bc77be10e5bf347e873fa9c483811e38b5b190?s=96&d=mm&r=g\",\"contentUrl\":\"https:\/\/secure.gravatar.com\/avatar\/87e78cc6508dce8559a41de4d1bc77be10e5bf347e873fa9c483811e38b5b190?s=96&d=mm&r=g\",\"caption\":\"marconivieira\"},\"sameAs\":[\"https:\/\/marconivieira.com.br\"],\"url\":\"https:\/\/marconivieira.com.br\/index.php\/author\/marconivieira\/\"}]}<\/script>\n<!-- \/ Yoast SEO plugin. -->","yoast_head_json":{"title":"B\u00edblia Sagrada com reflex\u00f5es de Lutero: Nova Tradu\u00e7\u00e3o na Linguagem de Hoje - Marconi Fabio Vieira, PMP","robots":{"index":"index","follow":"follow","max-snippet":"max-snippet:-1","max-image-preview":"max-image-preview:large","max-video-preview":"max-video-preview:-1"},"canonical":"https:\/\/marconivieira.com.br\/index.php\/2020\/09\/17\/biblia-sagrada-com-reflexoes-de-lutero-nova-traducao-na-linguagem-de-hoje\/","og_locale":"pt_BR","og_type":"article","og_title":"B\u00edblia Sagrada com reflex\u00f5es de Lutero: Nova Tradu\u00e7\u00e3o na Linguagem de Hoje - Marconi Fabio Vieira, PMP","og_description":"Esta edi\u00e7\u00e3o da B\u00edblia Sagrada cont\u00e9m cerca de 900 reflex\u00f5es de Martinho Lutero selecionadas por estudiosos especialistas no vasto acervo de escritos deixados pelo te\u00f3logo que, h\u00e1 alguns anos, est\u00e3o sendo traduzidos e disponibilizados tamb\u00e9m em l\u00edngua Portugu\u00easa. A obra est\u00e1 voltada mais para a compreens\u00e3o hist\u00f3rica e exeg\u00e9tica dos textos b\u00edblicos, ou, ainda, para [&hellip;]","og_url":"https:\/\/marconivieira.com.br\/index.php\/2020\/09\/17\/biblia-sagrada-com-reflexoes-de-lutero-nova-traducao-na-linguagem-de-hoje\/","og_site_name":"Marconi Fabio Vieira, PMP","article_published_time":"2020-09-17T20:26:20+00:00","article_modified_time":"2020-09-17T20:26:41+00:00","og_image":[{"width":200,"height":300,"url":"https:\/\/marconivieira.com.br\/wp-content\/uploads\/2020\/09\/biblia_lutero-e1600374361595.jpg","type":"image\/jpeg"}],"author":"marconivieira","twitter_card":"summary_large_image","twitter_misc":{"Escrito por":"marconivieira","Est. tempo de leitura":"1 minuto"},"schema":{"@context":"https:\/\/schema.org","@graph":[{"@type":"WebPage","@id":"https:\/\/marconivieira.com.br\/index.php\/2020\/09\/17\/biblia-sagrada-com-reflexoes-de-lutero-nova-traducao-na-linguagem-de-hoje\/","url":"https:\/\/marconivieira.com.br\/index.php\/2020\/09\/17\/biblia-sagrada-com-reflexoes-de-lutero-nova-traducao-na-linguagem-de-hoje\/","name":"B\u00edblia Sagrada com reflex\u00f5es de Lutero: Nova Tradu\u00e7\u00e3o na Linguagem de Hoje - Marconi Fabio Vieira, PMP","isPartOf":{"@id":"https:\/\/marconivieira.com.br\/#website"},"primaryImageOfPage":{"@id":"https:\/\/marconivieira.com.br\/index.php\/2020\/09\/17\/biblia-sagrada-com-reflexoes-de-lutero-nova-traducao-na-linguagem-de-hoje\/#primaryimage"},"image":{"@id":"https:\/\/marconivieira.com.br\/index.php\/2020\/09\/17\/biblia-sagrada-com-reflexoes-de-lutero-nova-traducao-na-linguagem-de-hoje\/#primaryimage"},"thumbnailUrl":"https:\/\/marconivieira.com.br\/wp-content\/uploads\/2020\/09\/biblia_lutero-e1600374361595.jpg","datePublished":"2020-09-17T20:26:20+00:00","dateModified":"2020-09-17T20:26:41+00:00","author":{"@id":"https:\/\/marconivieira.com.br\/#\/schema\/person\/ecda8bc0143a3594d0d84bb876790b4c"},"breadcrumb":{"@id":"https:\/\/marconivieira.com.br\/index.php\/2020\/09\/17\/biblia-sagrada-com-reflexoes-de-lutero-nova-traducao-na-linguagem-de-hoje\/#breadcrumb"},"inLanguage":"pt-BR","potentialAction":[{"@type":"ReadAction","target":["https:\/\/marconivieira.com.br\/index.php\/2020\/09\/17\/biblia-sagrada-com-reflexoes-de-lutero-nova-traducao-na-linguagem-de-hoje\/"]}]},{"@type":"ImageObject","inLanguage":"pt-BR","@id":"https:\/\/marconivieira.com.br\/index.php\/2020\/09\/17\/biblia-sagrada-com-reflexoes-de-lutero-nova-traducao-na-linguagem-de-hoje\/#primaryimage","url":"https:\/\/marconivieira.com.br\/wp-content\/uploads\/2020\/09\/biblia_lutero-e1600374361595.jpg","contentUrl":"https:\/\/marconivieira.com.br\/wp-content\/uploads\/2020\/09\/biblia_lutero-e1600374361595.jpg","width":200,"height":300},{"@type":"BreadcrumbList","@id":"https:\/\/marconivieira.com.br\/index.php\/2020\/09\/17\/biblia-sagrada-com-reflexoes-de-lutero-nova-traducao-na-linguagem-de-hoje\/#breadcrumb","itemListElement":[{"@type":"ListItem","position":1,"name":"In\u00edcio","item":"https:\/\/marconivieira.com.br\/"},{"@type":"ListItem","position":2,"name":"B\u00edblia Sagrada com reflex\u00f5es de Lutero: Nova Tradu\u00e7\u00e3o na Linguagem de Hoje"}]},{"@type":"WebSite","@id":"https:\/\/marconivieira.com.br\/#website","url":"https:\/\/marconivieira.com.br\/","name":"Marconi Fabio Vieira, PMP","description":"Livros e Artigos que Edificam","potentialAction":[{"@type":"SearchAction","target":{"@type":"EntryPoint","urlTemplate":"https:\/\/marconivieira.com.br\/?s={search_term_string}"},"query-input":{"@type":"PropertyValueSpecification","valueRequired":true,"valueName":"search_term_string"}}],"inLanguage":"pt-BR"},{"@type":"Person","@id":"https:\/\/marconivieira.com.br\/#\/schema\/person\/ecda8bc0143a3594d0d84bb876790b4c","name":"marconivieira","image":{"@type":"ImageObject","inLanguage":"pt-BR","@id":"https:\/\/marconivieira.com.br\/#\/schema\/person\/image\/","url":"https:\/\/secure.gravatar.com\/avatar\/87e78cc6508dce8559a41de4d1bc77be10e5bf347e873fa9c483811e38b5b190?s=96&d=mm&r=g","contentUrl":"https:\/\/secure.gravatar.com\/avatar\/87e78cc6508dce8559a41de4d1bc77be10e5bf347e873fa9c483811e38b5b190?s=96&d=mm&r=g","caption":"marconivieira"},"sameAs":["https:\/\/marconivieira.com.br"],"url":"https:\/\/marconivieira.com.br\/index.php\/author\/marconivieira\/"}]}},"_links":{"self":[{"href":"https:\/\/marconivieira.com.br\/index.php\/wp-json\/wp\/v2\/posts\/251","targetHints":{"allow":["GET"]}}],"collection":[{"href":"https:\/\/marconivieira.com.br\/index.php\/wp-json\/wp\/v2\/posts"}],"about":[{"href":"https:\/\/marconivieira.com.br\/index.php\/wp-json\/wp\/v2\/types\/post"}],"author":[{"embeddable":true,"href":"https:\/\/marconivieira.com.br\/index.php\/wp-json\/wp\/v2\/users\/1"}],"replies":[{"embeddable":true,"href":"https:\/\/marconivieira.com.br\/index.php\/wp-json\/wp\/v2\/comments?post=251"}],"version-history":[{"count":2,"href":"https:\/\/marconivieira.com.br\/index.php\/wp-json\/wp\/v2\/posts\/251\/revisions"}],"predecessor-version":[{"id":254,"href":"https:\/\/marconivieira.com.br\/index.php\/wp-json\/wp\/v2\/posts\/251\/revisions\/254"}],"wp:featuredmedia":[{"embeddable":true,"href":"https:\/\/marconivieira.com.br\/index.php\/wp-json\/wp\/v2\/media\/252"}],"wp:attachment":[{"href":"https:\/\/marconivieira.com.br\/index.php\/wp-json\/wp\/v2\/media?parent=251"}],"wp:term":[{"taxonomy":"category","embeddable":true,"href":"https:\/\/marconivieira.com.br\/index.php\/wp-json\/wp\/v2\/categories?post=251"},{"taxonomy":"post_tag","embeddable":true,"href":"https:\/\/marconivieira.com.br\/index.php\/wp-json\/wp\/v2\/tags?post=251"}],"curies":[{"name":"wp","href":"https:\/\/api.w.org\/{rel}","templated":true}]}}