{"id":313,"date":"2020-09-20T14:27:36","date_gmt":"2020-09-20T17:27:36","guid":{"rendered":"http:\/\/marconivieira.com.br\/?p=313"},"modified":"2020-09-20T14:28:30","modified_gmt":"2020-09-20T17:28:30","slug":"uma-breve-historia-do-tempo","status":"publish","type":"post","link":"https:\/\/marconivieira.com.br\/index.php\/2020\/09\/20\/uma-breve-historia-do-tempo\/","title":{"rendered":"Uma Breve Hist\u00f3ria do Tempo"},"content":{"rendered":"<p><b>Marco definitivo da literatura de divulga\u00e7\u00e3o cient\u00edfica,&nbsp;<i>Uma breve hist\u00f3ria do tempo&nbsp;<\/i>\u00e9 relan\u00e7ado em edi\u00e7\u00e3o revista e atualizada.<\/b><\/p>\n<p>Uma das mentes mais geniais do mundo moderno, Stephen Hawking guia o leitor na busca por respostas a algumas das maiores d\u00favidas da humanidade: Qual a origem do universo? Ele \u00e9 infinito? E o tempo? Sempre existiu, ou houve um come\u00e7o e haver\u00e1 um fim? Existem outras dimens\u00f5es al\u00e9m das tr\u00eas espaciais? E o que vai acontecer quando tudo terminar?<\/p>\n<p>Com ilustra\u00e7\u00f5es criativas e texto l\u00facido e bem-humorado, Hawking desvenda desde os mist\u00e9rios da f\u00edsica de part\u00edculas at\u00e9 a din\u00e2mica que movimenta centenas de milh\u00f5es de gal\u00e1xias por todo o universo. Para o iniciado,&nbsp;<i>Uma breve hist\u00f3ria do tempo&nbsp;<\/i>\u00e9 uma bela representa\u00e7\u00e3o de conceitos complexos; para o leigo, \u00e9 um vislumbre dos segredos mais profundos da cria\u00e7\u00e3o.<\/p>\n<p>&#8211; Lan\u00e7ado originalmente em 1988, Uma breve hist\u00f3ria do tempo vendeu mais de 10 milh\u00f5es de exemplares em todo o mundo e ficou 237 semanas na lista de mais vendidos do Sunday Times.<br \/>\n&#8211; Em 22 de janeiro chega aos cinemas o filme A Teoria de Tudo, baseado na vida do f\u00edsico e autor Stephen Hawking.<\/p>\n<p>\u201cBem-humorado e extremamente did\u00e1tico, Stephen Hawking demonstra os talentos de um grande professor ao usar o cotidiano para ilustrar teorias extremamente complexas.\u201d&nbsp;<b>The New York Times<\/b><\/p>\n<p>\u201cMesmo preso \u00e0 cadeira de rodas, Stephen Hawking viaja com sua mente por toda a vastid\u00e3o do espa\u00e7o e do tempo e desvenda os segredos do universo.\u201d&nbsp;<b>Time<\/b><\/p>\n<p>\u201cUma breve hist\u00f3ria do tempo \u00e9 a uni\u00e3o do entusiasmo de uma crian\u00e7a ao intelecto de um g\u00eanio.\u201d&nbsp;<b>The Sunday Times<\/b><\/p>\n<p>\u201cUma obra magistral.\u201d&nbsp;<b>The Wall Street Journal<\/b><\/p>\n<p><iframe style=\"width:120px;height:240px;\" marginwidth=\"0\" marginheight=\"0\" scrolling=\"no\" frameborder=\"0\" src=\"\/\/ws-na.amazon-adsystem.com\/widgets\/q?ServiceVersion=20070822&amp;OneJS=1&amp;Operation=GetAdHtml&amp;MarketPlace=BR&amp;source=ac&amp;ref=tf_til&amp;ad_type=product_link&amp;tracking_id=marconiv-20&amp;marketplace=amazon&amp;region=BR&amp;placement=8580576466&amp;asins=8580576466&amp;linkId=6fa1f7c7fab910a982a1f9789da7c081&amp;show_border=false&amp;link_opens_in_new_window=true&amp;price_color=333333&amp;title_color=0066c0&amp;bg_color=ffffff\"><br \/>\n    <\/iframe><\/p>\n","protected":false},"excerpt":{"rendered":"<p>Marco definitivo da literatura de divulga\u00e7\u00e3o cient\u00edfica,&nbsp;Uma breve hist\u00f3ria do tempo&nbsp;\u00e9 relan\u00e7ado em edi\u00e7\u00e3o revista e atualizada. Uma das mentes mais geniais do mundo moderno, Stephen Hawking guia o leitor na busca por respostas a algumas das maiores d\u00favidas da humanidade: Qual a origem do universo? Ele \u00e9 infinito? E o tempo? Sempre existiu, ou [&hellip;]<\/p>\n","protected":false},"author":1,"featured_media":314,"comment_status":"open","ping_status":"open","sticky":false,"template":"","format":"standard","meta":{"footnotes":""},"categories":[73],"tags":[78],"class_list":["post-313","post","type-post","status-publish","format-standard","has-post-thumbnail","hentry","category-ciencia","tag-historia-do-tempo"],"yoast_head":"<!-- This site is optimized with the Yoast SEO plugin v24.9 - https:\/\/yoast.com\/wordpress\/plugins\/seo\/ -->\n<title>Uma Breve Hist\u00f3ria do Tempo - Marconi Fabio Vieira, PMP<\/title>\n<meta name=\"robots\" content=\"index, follow, max-snippet:-1, max-image-preview:large, max-video-preview:-1\" \/>\n<link rel=\"canonical\" href=\"https:\/\/marconivieira.com.br\/index.php\/2020\/09\/20\/uma-breve-historia-do-tempo\/\" \/>\n<meta property=\"og:locale\" content=\"pt_BR\" \/>\n<meta property=\"og:type\" content=\"article\" \/>\n<meta property=\"og:title\" content=\"Uma Breve Hist\u00f3ria do Tempo - Marconi Fabio Vieira, PMP\" \/>\n<meta property=\"og:description\" content=\"Marco definitivo da literatura de divulga\u00e7\u00e3o cient\u00edfica,&nbsp;Uma breve hist\u00f3ria do tempo&nbsp;\u00e9 relan\u00e7ado em edi\u00e7\u00e3o revista e atualizada. Uma das mentes mais geniais do mundo moderno, Stephen Hawking guia o leitor na busca por respostas a algumas das maiores d\u00favidas da humanidade: Qual a origem do universo? Ele \u00e9 infinito? E o tempo? Sempre existiu, ou [&hellip;]\" \/>\n<meta property=\"og:url\" content=\"https:\/\/marconivieira.com.br\/index.php\/2020\/09\/20\/uma-breve-historia-do-tempo\/\" \/>\n<meta property=\"og:site_name\" content=\"Marconi Fabio Vieira, PMP\" \/>\n<meta property=\"article:published_time\" content=\"2020-09-20T17:27:36+00:00\" \/>\n<meta property=\"article:modified_time\" content=\"2020-09-20T17:28:30+00:00\" \/>\n<meta property=\"og:image\" content=\"https:\/\/marconivieira.com.br\/wp-content\/uploads\/2020\/09\/breve_historia_do_tempo-e1600622848991.jpg\" \/>\n\t<meta property=\"og:image:width\" content=\"200\" \/>\n\t<meta property=\"og:image:height\" content=\"288\" \/>\n\t<meta property=\"og:image:type\" content=\"image\/jpeg\" \/>\n<meta name=\"author\" content=\"marconivieira\" \/>\n<meta name=\"twitter:card\" content=\"summary_large_image\" \/>\n<meta name=\"twitter:label1\" content=\"Escrito por\" \/>\n\t<meta name=\"twitter:data1\" content=\"marconivieira\" \/>\n\t<meta name=\"twitter:label2\" content=\"Est. tempo de leitura\" \/>\n\t<meta name=\"twitter:data2\" content=\"2 minutos\" \/>\n<script type=\"application\/ld+json\" class=\"yoast-schema-graph\">{\"@context\":\"https:\/\/schema.org\",\"@graph\":[{\"@type\":\"WebPage\",\"@id\":\"https:\/\/marconivieira.com.br\/index.php\/2020\/09\/20\/uma-breve-historia-do-tempo\/\",\"url\":\"https:\/\/marconivieira.com.br\/index.php\/2020\/09\/20\/uma-breve-historia-do-tempo\/\",\"name\":\"Uma Breve Hist\u00f3ria do Tempo - Marconi Fabio Vieira, PMP\",\"isPartOf\":{\"@id\":\"https:\/\/marconivieira.com.br\/#website\"},\"primaryImageOfPage\":{\"@id\":\"https:\/\/marconivieira.com.br\/index.php\/2020\/09\/20\/uma-breve-historia-do-tempo\/#primaryimage\"},\"image\":{\"@id\":\"https:\/\/marconivieira.com.br\/index.php\/2020\/09\/20\/uma-breve-historia-do-tempo\/#primaryimage\"},\"thumbnailUrl\":\"https:\/\/marconivieira.com.br\/wp-content\/uploads\/2020\/09\/breve_historia_do_tempo-e1600622848991.jpg\",\"datePublished\":\"2020-09-20T17:27:36+00:00\",\"dateModified\":\"2020-09-20T17:28:30+00:00\",\"author\":{\"@id\":\"https:\/\/marconivieira.com.br\/#\/schema\/person\/ecda8bc0143a3594d0d84bb876790b4c\"},\"breadcrumb\":{\"@id\":\"https:\/\/marconivieira.com.br\/index.php\/2020\/09\/20\/uma-breve-historia-do-tempo\/#breadcrumb\"},\"inLanguage\":\"pt-BR\",\"potentialAction\":[{\"@type\":\"ReadAction\",\"target\":[\"https:\/\/marconivieira.com.br\/index.php\/2020\/09\/20\/uma-breve-historia-do-tempo\/\"]}]},{\"@type\":\"ImageObject\",\"inLanguage\":\"pt-BR\",\"@id\":\"https:\/\/marconivieira.com.br\/index.php\/2020\/09\/20\/uma-breve-historia-do-tempo\/#primaryimage\",\"url\":\"https:\/\/marconivieira.com.br\/wp-content\/uploads\/2020\/09\/breve_historia_do_tempo-e1600622848991.jpg\",\"contentUrl\":\"https:\/\/marconivieira.com.br\/wp-content\/uploads\/2020\/09\/breve_historia_do_tempo-e1600622848991.jpg\",\"width\":200,\"height\":288},{\"@type\":\"BreadcrumbList\",\"@id\":\"https:\/\/marconivieira.com.br\/index.php\/2020\/09\/20\/uma-breve-historia-do-tempo\/#breadcrumb\",\"itemListElement\":[{\"@type\":\"ListItem\",\"position\":1,\"name\":\"In\u00edcio\",\"item\":\"https:\/\/marconivieira.com.br\/\"},{\"@type\":\"ListItem\",\"position\":2,\"name\":\"Uma Breve Hist\u00f3ria do Tempo\"}]},{\"@type\":\"WebSite\",\"@id\":\"https:\/\/marconivieira.com.br\/#website\",\"url\":\"https:\/\/marconivieira.com.br\/\",\"name\":\"Marconi Fabio Vieira, PMP\",\"description\":\"Livros e Artigos que Edificam\",\"potentialAction\":[{\"@type\":\"SearchAction\",\"target\":{\"@type\":\"EntryPoint\",\"urlTemplate\":\"https:\/\/marconivieira.com.br\/?s={search_term_string}\"},\"query-input\":{\"@type\":\"PropertyValueSpecification\",\"valueRequired\":true,\"valueName\":\"search_term_string\"}}],\"inLanguage\":\"pt-BR\"},{\"@type\":\"Person\",\"@id\":\"https:\/\/marconivieira.com.br\/#\/schema\/person\/ecda8bc0143a3594d0d84bb876790b4c\",\"name\":\"marconivieira\",\"image\":{\"@type\":\"ImageObject\",\"inLanguage\":\"pt-BR\",\"@id\":\"https:\/\/marconivieira.com.br\/#\/schema\/person\/image\/\",\"url\":\"https:\/\/secure.gravatar.com\/avatar\/87e78cc6508dce8559a41de4d1bc77be10e5bf347e873fa9c483811e38b5b190?s=96&d=mm&r=g\",\"contentUrl\":\"https:\/\/secure.gravatar.com\/avatar\/87e78cc6508dce8559a41de4d1bc77be10e5bf347e873fa9c483811e38b5b190?s=96&d=mm&r=g\",\"caption\":\"marconivieira\"},\"sameAs\":[\"https:\/\/marconivieira.com.br\"],\"url\":\"https:\/\/marconivieira.com.br\/index.php\/author\/marconivieira\/\"}]}<\/script>\n<!-- \/ Yoast SEO plugin. -->","yoast_head_json":{"title":"Uma Breve Hist\u00f3ria do Tempo - Marconi Fabio Vieira, PMP","robots":{"index":"index","follow":"follow","max-snippet":"max-snippet:-1","max-image-preview":"max-image-preview:large","max-video-preview":"max-video-preview:-1"},"canonical":"https:\/\/marconivieira.com.br\/index.php\/2020\/09\/20\/uma-breve-historia-do-tempo\/","og_locale":"pt_BR","og_type":"article","og_title":"Uma Breve Hist\u00f3ria do Tempo - Marconi Fabio Vieira, PMP","og_description":"Marco definitivo da literatura de divulga\u00e7\u00e3o cient\u00edfica,&nbsp;Uma breve hist\u00f3ria do tempo&nbsp;\u00e9 relan\u00e7ado em edi\u00e7\u00e3o revista e atualizada. Uma das mentes mais geniais do mundo moderno, Stephen Hawking guia o leitor na busca por respostas a algumas das maiores d\u00favidas da humanidade: Qual a origem do universo? Ele \u00e9 infinito? E o tempo? Sempre existiu, ou [&hellip;]","og_url":"https:\/\/marconivieira.com.br\/index.php\/2020\/09\/20\/uma-breve-historia-do-tempo\/","og_site_name":"Marconi Fabio Vieira, PMP","article_published_time":"2020-09-20T17:27:36+00:00","article_modified_time":"2020-09-20T17:28:30+00:00","og_image":[{"width":200,"height":288,"url":"https:\/\/marconivieira.com.br\/wp-content\/uploads\/2020\/09\/breve_historia_do_tempo-e1600622848991.jpg","type":"image\/jpeg"}],"author":"marconivieira","twitter_card":"summary_large_image","twitter_misc":{"Escrito por":"marconivieira","Est. tempo de leitura":"2 minutos"},"schema":{"@context":"https:\/\/schema.org","@graph":[{"@type":"WebPage","@id":"https:\/\/marconivieira.com.br\/index.php\/2020\/09\/20\/uma-breve-historia-do-tempo\/","url":"https:\/\/marconivieira.com.br\/index.php\/2020\/09\/20\/uma-breve-historia-do-tempo\/","name":"Uma Breve Hist\u00f3ria do Tempo - Marconi Fabio Vieira, PMP","isPartOf":{"@id":"https:\/\/marconivieira.com.br\/#website"},"primaryImageOfPage":{"@id":"https:\/\/marconivieira.com.br\/index.php\/2020\/09\/20\/uma-breve-historia-do-tempo\/#primaryimage"},"image":{"@id":"https:\/\/marconivieira.com.br\/index.php\/2020\/09\/20\/uma-breve-historia-do-tempo\/#primaryimage"},"thumbnailUrl":"https:\/\/marconivieira.com.br\/wp-content\/uploads\/2020\/09\/breve_historia_do_tempo-e1600622848991.jpg","datePublished":"2020-09-20T17:27:36+00:00","dateModified":"2020-09-20T17:28:30+00:00","author":{"@id":"https:\/\/marconivieira.com.br\/#\/schema\/person\/ecda8bc0143a3594d0d84bb876790b4c"},"breadcrumb":{"@id":"https:\/\/marconivieira.com.br\/index.php\/2020\/09\/20\/uma-breve-historia-do-tempo\/#breadcrumb"},"inLanguage":"pt-BR","potentialAction":[{"@type":"ReadAction","target":["https:\/\/marconivieira.com.br\/index.php\/2020\/09\/20\/uma-breve-historia-do-tempo\/"]}]},{"@type":"ImageObject","inLanguage":"pt-BR","@id":"https:\/\/marconivieira.com.br\/index.php\/2020\/09\/20\/uma-breve-historia-do-tempo\/#primaryimage","url":"https:\/\/marconivieira.com.br\/wp-content\/uploads\/2020\/09\/breve_historia_do_tempo-e1600622848991.jpg","contentUrl":"https:\/\/marconivieira.com.br\/wp-content\/uploads\/2020\/09\/breve_historia_do_tempo-e1600622848991.jpg","width":200,"height":288},{"@type":"BreadcrumbList","@id":"https:\/\/marconivieira.com.br\/index.php\/2020\/09\/20\/uma-breve-historia-do-tempo\/#breadcrumb","itemListElement":[{"@type":"ListItem","position":1,"name":"In\u00edcio","item":"https:\/\/marconivieira.com.br\/"},{"@type":"ListItem","position":2,"name":"Uma Breve Hist\u00f3ria do Tempo"}]},{"@type":"WebSite","@id":"https:\/\/marconivieira.com.br\/#website","url":"https:\/\/marconivieira.com.br\/","name":"Marconi Fabio Vieira, PMP","description":"Livros e Artigos que Edificam","potentialAction":[{"@type":"SearchAction","target":{"@type":"EntryPoint","urlTemplate":"https:\/\/marconivieira.com.br\/?s={search_term_string}"},"query-input":{"@type":"PropertyValueSpecification","valueRequired":true,"valueName":"search_term_string"}}],"inLanguage":"pt-BR"},{"@type":"Person","@id":"https:\/\/marconivieira.com.br\/#\/schema\/person\/ecda8bc0143a3594d0d84bb876790b4c","name":"marconivieira","image":{"@type":"ImageObject","inLanguage":"pt-BR","@id":"https:\/\/marconivieira.com.br\/#\/schema\/person\/image\/","url":"https:\/\/secure.gravatar.com\/avatar\/87e78cc6508dce8559a41de4d1bc77be10e5bf347e873fa9c483811e38b5b190?s=96&d=mm&r=g","contentUrl":"https:\/\/secure.gravatar.com\/avatar\/87e78cc6508dce8559a41de4d1bc77be10e5bf347e873fa9c483811e38b5b190?s=96&d=mm&r=g","caption":"marconivieira"},"sameAs":["https:\/\/marconivieira.com.br"],"url":"https:\/\/marconivieira.com.br\/index.php\/author\/marconivieira\/"}]}},"_links":{"self":[{"href":"https:\/\/marconivieira.com.br\/index.php\/wp-json\/wp\/v2\/posts\/313","targetHints":{"allow":["GET"]}}],"collection":[{"href":"https:\/\/marconivieira.com.br\/index.php\/wp-json\/wp\/v2\/posts"}],"about":[{"href":"https:\/\/marconivieira.com.br\/index.php\/wp-json\/wp\/v2\/types\/post"}],"author":[{"embeddable":true,"href":"https:\/\/marconivieira.com.br\/index.php\/wp-json\/wp\/v2\/users\/1"}],"replies":[{"embeddable":true,"href":"https:\/\/marconivieira.com.br\/index.php\/wp-json\/wp\/v2\/comments?post=313"}],"version-history":[{"count":2,"href":"https:\/\/marconivieira.com.br\/index.php\/wp-json\/wp\/v2\/posts\/313\/revisions"}],"predecessor-version":[{"id":316,"href":"https:\/\/marconivieira.com.br\/index.php\/wp-json\/wp\/v2\/posts\/313\/revisions\/316"}],"wp:featuredmedia":[{"embeddable":true,"href":"https:\/\/marconivieira.com.br\/index.php\/wp-json\/wp\/v2\/media\/314"}],"wp:attachment":[{"href":"https:\/\/marconivieira.com.br\/index.php\/wp-json\/wp\/v2\/media?parent=313"}],"wp:term":[{"taxonomy":"category","embeddable":true,"href":"https:\/\/marconivieira.com.br\/index.php\/wp-json\/wp\/v2\/categories?post=313"},{"taxonomy":"post_tag","embeddable":true,"href":"https:\/\/marconivieira.com.br\/index.php\/wp-json\/wp\/v2\/tags?post=313"}],"curies":[{"name":"wp","href":"https:\/\/api.w.org\/{rel}","templated":true}]}}