{"id":329,"date":"2020-09-22T23:28:45","date_gmt":"2020-09-23T02:28:45","guid":{"rendered":"https:\/\/marconivieira.com.br\/?p=329"},"modified":"2020-09-22T23:29:23","modified_gmt":"2020-09-23T02:29:23","slug":"storytelling-aprenda-a-contar-historias-com-steve-jobs-papa-francisco-churchill-e-outras-lendas-da-lideranca","status":"publish","type":"post","link":"https:\/\/marconivieira.com.br\/index.php\/2020\/09\/22\/storytelling-aprenda-a-contar-historias-com-steve-jobs-papa-francisco-churchill-e-outras-lendas-da-lideranca\/","title":{"rendered":"Storytelling: Aprenda a contar hist\u00f3rias com Steve Jobs, Papa Francisco, Churchill e outras lendas da Lideran\u00e7a"},"content":{"rendered":"<p>AUTOR DO BEST-SELLER TED \u2013 FALAR, CONVENCER, EMOCIONAR<\/p>\n<p>No para\u00edso tropical da Ilha Necker, parte das Ilhas Virgens, Richard Branson tem uma propriedade de cerca de 30 hectares.<br \/>\nEmpreendedores de todos os tipos v\u00e3o at\u00e9 l\u00e1 lhe apresentar ideias de neg\u00f3cios.<br \/>\nComo eles fazem para conseguir a aten\u00e7\u00e3o (e o investimento) de Branson em apenas dez minutos?<br \/>\nA resposta curta \u00e9 o storytelling.<br \/>\nA resposta longa voc\u00ea vai descobrir neste livro. Repleto de hist\u00f3rias reais, Storytelling \u2013 Aprenda a Contar Hist\u00f3rias com Steve Jobs, Papa Francisco, Churchill e Outras Lendas da Lideran\u00e7a transformar\u00e1 voc\u00ea em um contador de hist\u00f3rias.<br \/>\nNestas p\u00e1ginas, voc\u00ea aprender\u00e1 a usar o storytelling para:<\/p>\n<p>\u2022 acender a chama interna das pessoas;<br \/>\n\u2022 simplificar as coisas;<br \/>\n\u2022 educar;<br \/>\n\u2022 motivar as pessoas;<br \/>\n\u2022 mobilizar.<\/p>\n<p><iframe style=\"width: 120px; height: 240px;\" src=\"\/\/ws-na.amazon-adsystem.com\/widgets\/q?ServiceVersion=20070822&amp;OneJS=1&amp;Operation=GetAdHtml&amp;MarketPlace=BR&amp;source=ac&amp;ref=tf_til&amp;ad_type=product_link&amp;tracking_id=marconiv-20&amp;marketplace=amazon&amp;region=BR&amp;placement=B085PXWCR6&amp;asins=B085PXWCR6&amp;linkId=ca74d89d869ea5e29efa358ead8b4c34&amp;show_border=false&amp;link_opens_in_new_window=true&amp;price_color=333333&amp;title_color=0066c0&amp;bg_color=ffffff\" frameborder=\"0\" marginwidth=\"0\" marginheight=\"0\" scrolling=\"no\"><br \/>\n    <\/iframe><\/p>\n","protected":false},"excerpt":{"rendered":"<p>AUTOR DO BEST-SELLER TED \u2013 FALAR, CONVENCER, EMOCIONAR No para\u00edso tropical da Ilha Necker, parte das Ilhas Virgens, Richard Branson tem uma propriedade de cerca de 30 hectares. Empreendedores de todos os tipos v\u00e3o at\u00e9 l\u00e1 lhe apresentar ideias de neg\u00f3cios. Como eles fazem para conseguir a aten\u00e7\u00e3o (e o investimento) de Branson em apenas [&hellip;]<\/p>\n","protected":false},"author":1,"featured_media":330,"comment_status":"open","ping_status":"open","sticky":false,"template":"","format":"standard","meta":{"footnotes":""},"categories":[5],"tags":[26],"class_list":["post-329","post","type-post","status-publish","format-standard","has-post-thumbnail","hentry","category-storytelling","tag-storytelling"],"yoast_head":"<!-- This site is optimized with the Yoast SEO plugin v24.9 - https:\/\/yoast.com\/wordpress\/plugins\/seo\/ -->\n<title>Storytelling: Aprenda a contar hist\u00f3rias com Steve Jobs, Papa Francisco, Churchill e outras lendas da Lideran\u00e7a - Marconi Fabio Vieira, PMP<\/title>\n<meta name=\"robots\" content=\"index, follow, max-snippet:-1, max-image-preview:large, max-video-preview:-1\" \/>\n<link rel=\"canonical\" href=\"https:\/\/marconivieira.com.br\/index.php\/2020\/09\/22\/storytelling-aprenda-a-contar-historias-com-steve-jobs-papa-francisco-churchill-e-outras-lendas-da-lideranca\/\" \/>\n<meta property=\"og:locale\" content=\"pt_BR\" \/>\n<meta property=\"og:type\" content=\"article\" \/>\n<meta property=\"og:title\" content=\"Storytelling: Aprenda a contar hist\u00f3rias com Steve Jobs, Papa Francisco, Churchill e outras lendas da Lideran\u00e7a - Marconi Fabio Vieira, PMP\" \/>\n<meta property=\"og:description\" content=\"AUTOR DO BEST-SELLER TED \u2013 FALAR, CONVENCER, EMOCIONAR No para\u00edso tropical da Ilha Necker, parte das Ilhas Virgens, Richard Branson tem uma propriedade de cerca de 30 hectares. Empreendedores de todos os tipos v\u00e3o at\u00e9 l\u00e1 lhe apresentar ideias de neg\u00f3cios. Como eles fazem para conseguir a aten\u00e7\u00e3o (e o investimento) de Branson em apenas [&hellip;]\" \/>\n<meta property=\"og:url\" content=\"https:\/\/marconivieira.com.br\/index.php\/2020\/09\/22\/storytelling-aprenda-a-contar-historias-com-steve-jobs-papa-francisco-churchill-e-outras-lendas-da-lideranca\/\" \/>\n<meta property=\"og:site_name\" content=\"Marconi Fabio Vieira, PMP\" \/>\n<meta property=\"article:published_time\" content=\"2020-09-23T02:28:45+00:00\" \/>\n<meta property=\"article:modified_time\" content=\"2020-09-23T02:29:23+00:00\" \/>\n<meta property=\"og:image\" content=\"https:\/\/marconivieira.com.br\/wp-content\/uploads\/2020\/09\/storytelling_steve_jobs_e_outros-e1600828116773.jpg\" \/>\n\t<meta property=\"og:image:width\" content=\"200\" \/>\n\t<meta property=\"og:image:height\" content=\"287\" \/>\n\t<meta property=\"og:image:type\" content=\"image\/jpeg\" \/>\n<meta name=\"author\" content=\"marconivieira\" \/>\n<meta name=\"twitter:card\" content=\"summary_large_image\" \/>\n<meta name=\"twitter:label1\" content=\"Escrito por\" \/>\n\t<meta name=\"twitter:data1\" content=\"marconivieira\" \/>\n\t<meta name=\"twitter:label2\" content=\"Est. tempo de leitura\" \/>\n\t<meta name=\"twitter:data2\" content=\"1 minuto\" \/>\n<script type=\"application\/ld+json\" class=\"yoast-schema-graph\">{\"@context\":\"https:\/\/schema.org\",\"@graph\":[{\"@type\":\"WebPage\",\"@id\":\"https:\/\/marconivieira.com.br\/index.php\/2020\/09\/22\/storytelling-aprenda-a-contar-historias-com-steve-jobs-papa-francisco-churchill-e-outras-lendas-da-lideranca\/\",\"url\":\"https:\/\/marconivieira.com.br\/index.php\/2020\/09\/22\/storytelling-aprenda-a-contar-historias-com-steve-jobs-papa-francisco-churchill-e-outras-lendas-da-lideranca\/\",\"name\":\"Storytelling: Aprenda a contar hist\u00f3rias com Steve Jobs, Papa Francisco, Churchill e outras lendas da Lideran\u00e7a - Marconi Fabio Vieira, PMP\",\"isPartOf\":{\"@id\":\"https:\/\/marconivieira.com.br\/#website\"},\"primaryImageOfPage\":{\"@id\":\"https:\/\/marconivieira.com.br\/index.php\/2020\/09\/22\/storytelling-aprenda-a-contar-historias-com-steve-jobs-papa-francisco-churchill-e-outras-lendas-da-lideranca\/#primaryimage\"},\"image\":{\"@id\":\"https:\/\/marconivieira.com.br\/index.php\/2020\/09\/22\/storytelling-aprenda-a-contar-historias-com-steve-jobs-papa-francisco-churchill-e-outras-lendas-da-lideranca\/#primaryimage\"},\"thumbnailUrl\":\"https:\/\/marconivieira.com.br\/wp-content\/uploads\/2020\/09\/storytelling_steve_jobs_e_outros-e1600828116773.jpg\",\"datePublished\":\"2020-09-23T02:28:45+00:00\",\"dateModified\":\"2020-09-23T02:29:23+00:00\",\"author\":{\"@id\":\"https:\/\/marconivieira.com.br\/#\/schema\/person\/ecda8bc0143a3594d0d84bb876790b4c\"},\"breadcrumb\":{\"@id\":\"https:\/\/marconivieira.com.br\/index.php\/2020\/09\/22\/storytelling-aprenda-a-contar-historias-com-steve-jobs-papa-francisco-churchill-e-outras-lendas-da-lideranca\/#breadcrumb\"},\"inLanguage\":\"pt-BR\",\"potentialAction\":[{\"@type\":\"ReadAction\",\"target\":[\"https:\/\/marconivieira.com.br\/index.php\/2020\/09\/22\/storytelling-aprenda-a-contar-historias-com-steve-jobs-papa-francisco-churchill-e-outras-lendas-da-lideranca\/\"]}]},{\"@type\":\"ImageObject\",\"inLanguage\":\"pt-BR\",\"@id\":\"https:\/\/marconivieira.com.br\/index.php\/2020\/09\/22\/storytelling-aprenda-a-contar-historias-com-steve-jobs-papa-francisco-churchill-e-outras-lendas-da-lideranca\/#primaryimage\",\"url\":\"https:\/\/marconivieira.com.br\/wp-content\/uploads\/2020\/09\/storytelling_steve_jobs_e_outros-e1600828116773.jpg\",\"contentUrl\":\"https:\/\/marconivieira.com.br\/wp-content\/uploads\/2020\/09\/storytelling_steve_jobs_e_outros-e1600828116773.jpg\",\"width\":200,\"height\":287},{\"@type\":\"BreadcrumbList\",\"@id\":\"https:\/\/marconivieira.com.br\/index.php\/2020\/09\/22\/storytelling-aprenda-a-contar-historias-com-steve-jobs-papa-francisco-churchill-e-outras-lendas-da-lideranca\/#breadcrumb\",\"itemListElement\":[{\"@type\":\"ListItem\",\"position\":1,\"name\":\"In\u00edcio\",\"item\":\"https:\/\/marconivieira.com.br\/\"},{\"@type\":\"ListItem\",\"position\":2,\"name\":\"Storytelling: Aprenda a contar hist\u00f3rias com Steve Jobs, Papa Francisco, Churchill e outras lendas da Lideran\u00e7a\"}]},{\"@type\":\"WebSite\",\"@id\":\"https:\/\/marconivieira.com.br\/#website\",\"url\":\"https:\/\/marconivieira.com.br\/\",\"name\":\"Marconi Fabio Vieira, PMP\",\"description\":\"Livros e Artigos que Edificam\",\"potentialAction\":[{\"@type\":\"SearchAction\",\"target\":{\"@type\":\"EntryPoint\",\"urlTemplate\":\"https:\/\/marconivieira.com.br\/?s={search_term_string}\"},\"query-input\":{\"@type\":\"PropertyValueSpecification\",\"valueRequired\":true,\"valueName\":\"search_term_string\"}}],\"inLanguage\":\"pt-BR\"},{\"@type\":\"Person\",\"@id\":\"https:\/\/marconivieira.com.br\/#\/schema\/person\/ecda8bc0143a3594d0d84bb876790b4c\",\"name\":\"marconivieira\",\"image\":{\"@type\":\"ImageObject\",\"inLanguage\":\"pt-BR\",\"@id\":\"https:\/\/marconivieira.com.br\/#\/schema\/person\/image\/\",\"url\":\"https:\/\/secure.gravatar.com\/avatar\/87e78cc6508dce8559a41de4d1bc77be10e5bf347e873fa9c483811e38b5b190?s=96&d=mm&r=g\",\"contentUrl\":\"https:\/\/secure.gravatar.com\/avatar\/87e78cc6508dce8559a41de4d1bc77be10e5bf347e873fa9c483811e38b5b190?s=96&d=mm&r=g\",\"caption\":\"marconivieira\"},\"sameAs\":[\"https:\/\/marconivieira.com.br\"],\"url\":\"https:\/\/marconivieira.com.br\/index.php\/author\/marconivieira\/\"}]}<\/script>\n<!-- \/ Yoast SEO plugin. -->","yoast_head_json":{"title":"Storytelling: Aprenda a contar hist\u00f3rias com Steve Jobs, Papa Francisco, Churchill e outras lendas da Lideran\u00e7a - Marconi Fabio Vieira, PMP","robots":{"index":"index","follow":"follow","max-snippet":"max-snippet:-1","max-image-preview":"max-image-preview:large","max-video-preview":"max-video-preview:-1"},"canonical":"https:\/\/marconivieira.com.br\/index.php\/2020\/09\/22\/storytelling-aprenda-a-contar-historias-com-steve-jobs-papa-francisco-churchill-e-outras-lendas-da-lideranca\/","og_locale":"pt_BR","og_type":"article","og_title":"Storytelling: Aprenda a contar hist\u00f3rias com Steve Jobs, Papa Francisco, Churchill e outras lendas da Lideran\u00e7a - Marconi Fabio Vieira, PMP","og_description":"AUTOR DO BEST-SELLER TED \u2013 FALAR, CONVENCER, EMOCIONAR No para\u00edso tropical da Ilha Necker, parte das Ilhas Virgens, Richard Branson tem uma propriedade de cerca de 30 hectares. Empreendedores de todos os tipos v\u00e3o at\u00e9 l\u00e1 lhe apresentar ideias de neg\u00f3cios. Como eles fazem para conseguir a aten\u00e7\u00e3o (e o investimento) de Branson em apenas [&hellip;]","og_url":"https:\/\/marconivieira.com.br\/index.php\/2020\/09\/22\/storytelling-aprenda-a-contar-historias-com-steve-jobs-papa-francisco-churchill-e-outras-lendas-da-lideranca\/","og_site_name":"Marconi Fabio Vieira, PMP","article_published_time":"2020-09-23T02:28:45+00:00","article_modified_time":"2020-09-23T02:29:23+00:00","og_image":[{"width":200,"height":287,"url":"https:\/\/marconivieira.com.br\/wp-content\/uploads\/2020\/09\/storytelling_steve_jobs_e_outros-e1600828116773.jpg","type":"image\/jpeg"}],"author":"marconivieira","twitter_card":"summary_large_image","twitter_misc":{"Escrito por":"marconivieira","Est. tempo de leitura":"1 minuto"},"schema":{"@context":"https:\/\/schema.org","@graph":[{"@type":"WebPage","@id":"https:\/\/marconivieira.com.br\/index.php\/2020\/09\/22\/storytelling-aprenda-a-contar-historias-com-steve-jobs-papa-francisco-churchill-e-outras-lendas-da-lideranca\/","url":"https:\/\/marconivieira.com.br\/index.php\/2020\/09\/22\/storytelling-aprenda-a-contar-historias-com-steve-jobs-papa-francisco-churchill-e-outras-lendas-da-lideranca\/","name":"Storytelling: Aprenda a contar hist\u00f3rias com Steve Jobs, Papa Francisco, Churchill e outras lendas da Lideran\u00e7a - Marconi Fabio Vieira, PMP","isPartOf":{"@id":"https:\/\/marconivieira.com.br\/#website"},"primaryImageOfPage":{"@id":"https:\/\/marconivieira.com.br\/index.php\/2020\/09\/22\/storytelling-aprenda-a-contar-historias-com-steve-jobs-papa-francisco-churchill-e-outras-lendas-da-lideranca\/#primaryimage"},"image":{"@id":"https:\/\/marconivieira.com.br\/index.php\/2020\/09\/22\/storytelling-aprenda-a-contar-historias-com-steve-jobs-papa-francisco-churchill-e-outras-lendas-da-lideranca\/#primaryimage"},"thumbnailUrl":"https:\/\/marconivieira.com.br\/wp-content\/uploads\/2020\/09\/storytelling_steve_jobs_e_outros-e1600828116773.jpg","datePublished":"2020-09-23T02:28:45+00:00","dateModified":"2020-09-23T02:29:23+00:00","author":{"@id":"https:\/\/marconivieira.com.br\/#\/schema\/person\/ecda8bc0143a3594d0d84bb876790b4c"},"breadcrumb":{"@id":"https:\/\/marconivieira.com.br\/index.php\/2020\/09\/22\/storytelling-aprenda-a-contar-historias-com-steve-jobs-papa-francisco-churchill-e-outras-lendas-da-lideranca\/#breadcrumb"},"inLanguage":"pt-BR","potentialAction":[{"@type":"ReadAction","target":["https:\/\/marconivieira.com.br\/index.php\/2020\/09\/22\/storytelling-aprenda-a-contar-historias-com-steve-jobs-papa-francisco-churchill-e-outras-lendas-da-lideranca\/"]}]},{"@type":"ImageObject","inLanguage":"pt-BR","@id":"https:\/\/marconivieira.com.br\/index.php\/2020\/09\/22\/storytelling-aprenda-a-contar-historias-com-steve-jobs-papa-francisco-churchill-e-outras-lendas-da-lideranca\/#primaryimage","url":"https:\/\/marconivieira.com.br\/wp-content\/uploads\/2020\/09\/storytelling_steve_jobs_e_outros-e1600828116773.jpg","contentUrl":"https:\/\/marconivieira.com.br\/wp-content\/uploads\/2020\/09\/storytelling_steve_jobs_e_outros-e1600828116773.jpg","width":200,"height":287},{"@type":"BreadcrumbList","@id":"https:\/\/marconivieira.com.br\/index.php\/2020\/09\/22\/storytelling-aprenda-a-contar-historias-com-steve-jobs-papa-francisco-churchill-e-outras-lendas-da-lideranca\/#breadcrumb","itemListElement":[{"@type":"ListItem","position":1,"name":"In\u00edcio","item":"https:\/\/marconivieira.com.br\/"},{"@type":"ListItem","position":2,"name":"Storytelling: Aprenda a contar hist\u00f3rias com Steve Jobs, Papa Francisco, Churchill e outras lendas da Lideran\u00e7a"}]},{"@type":"WebSite","@id":"https:\/\/marconivieira.com.br\/#website","url":"https:\/\/marconivieira.com.br\/","name":"Marconi Fabio Vieira, PMP","description":"Livros e Artigos que Edificam","potentialAction":[{"@type":"SearchAction","target":{"@type":"EntryPoint","urlTemplate":"https:\/\/marconivieira.com.br\/?s={search_term_string}"},"query-input":{"@type":"PropertyValueSpecification","valueRequired":true,"valueName":"search_term_string"}}],"inLanguage":"pt-BR"},{"@type":"Person","@id":"https:\/\/marconivieira.com.br\/#\/schema\/person\/ecda8bc0143a3594d0d84bb876790b4c","name":"marconivieira","image":{"@type":"ImageObject","inLanguage":"pt-BR","@id":"https:\/\/marconivieira.com.br\/#\/schema\/person\/image\/","url":"https:\/\/secure.gravatar.com\/avatar\/87e78cc6508dce8559a41de4d1bc77be10e5bf347e873fa9c483811e38b5b190?s=96&d=mm&r=g","contentUrl":"https:\/\/secure.gravatar.com\/avatar\/87e78cc6508dce8559a41de4d1bc77be10e5bf347e873fa9c483811e38b5b190?s=96&d=mm&r=g","caption":"marconivieira"},"sameAs":["https:\/\/marconivieira.com.br"],"url":"https:\/\/marconivieira.com.br\/index.php\/author\/marconivieira\/"}]}},"_links":{"self":[{"href":"https:\/\/marconivieira.com.br\/index.php\/wp-json\/wp\/v2\/posts\/329","targetHints":{"allow":["GET"]}}],"collection":[{"href":"https:\/\/marconivieira.com.br\/index.php\/wp-json\/wp\/v2\/posts"}],"about":[{"href":"https:\/\/marconivieira.com.br\/index.php\/wp-json\/wp\/v2\/types\/post"}],"author":[{"embeddable":true,"href":"https:\/\/marconivieira.com.br\/index.php\/wp-json\/wp\/v2\/users\/1"}],"replies":[{"embeddable":true,"href":"https:\/\/marconivieira.com.br\/index.php\/wp-json\/wp\/v2\/comments?post=329"}],"version-history":[{"count":3,"href":"https:\/\/marconivieira.com.br\/index.php\/wp-json\/wp\/v2\/posts\/329\/revisions"}],"predecessor-version":[{"id":333,"href":"https:\/\/marconivieira.com.br\/index.php\/wp-json\/wp\/v2\/posts\/329\/revisions\/333"}],"wp:featuredmedia":[{"embeddable":true,"href":"https:\/\/marconivieira.com.br\/index.php\/wp-json\/wp\/v2\/media\/330"}],"wp:attachment":[{"href":"https:\/\/marconivieira.com.br\/index.php\/wp-json\/wp\/v2\/media?parent=329"}],"wp:term":[{"taxonomy":"category","embeddable":true,"href":"https:\/\/marconivieira.com.br\/index.php\/wp-json\/wp\/v2\/categories?post=329"},{"taxonomy":"post_tag","embeddable":true,"href":"https:\/\/marconivieira.com.br\/index.php\/wp-json\/wp\/v2\/tags?post=329"}],"curies":[{"name":"wp","href":"https:\/\/api.w.org\/{rel}","templated":true}]}}