{"id":355,"date":"2020-09-22T23:46:05","date_gmt":"2020-09-23T02:46:05","guid":{"rendered":"https:\/\/marconivieira.com.br\/?p=355"},"modified":"2020-09-22T23:46:32","modified_gmt":"2020-09-23T02:46:32","slug":"storytelling-para-resultados-como-usar-estorias-no-ambiente-empresarial","status":"publish","type":"post","link":"https:\/\/marconivieira.com.br\/index.php\/2020\/09\/22\/storytelling-para-resultados-como-usar-estorias-no-ambiente-empresarial\/","title":{"rendered":"Storytelling Para Resultados. Como Usar Est\u00f3rias no Ambiente Empresarial"},"content":{"rendered":"<p>Storytelling para resultados vem preencher uma lacuna no assunto, em um per\u00edodo em que a busca pelo tema n\u00e3o para de crescer e em que a pr\u00e1tica do storytelling talvez seja a solu\u00e7\u00e3o mais eficaz para resolver os atuais dilemas das organiza\u00e7\u00f5es, como a reten\u00e7\u00e3o de talentos e a necessidade de integrar diferentes gera\u00e7\u00f5es dentro de uma mesma cultura organizacional.<\/p>\n<p><iframe style=\"width: 120px; height: 240px;\" src=\"\/\/ws-na.amazon-adsystem.com\/widgets\/q?ServiceVersion=20070822&amp;OneJS=1&amp;Operation=GetAdHtml&amp;MarketPlace=BR&amp;source=ac&amp;ref=tf_til&amp;ad_type=product_link&amp;tracking_id=marconiv-20&amp;marketplace=amazon&amp;region=BR&amp;placement=B0170H3H1O&amp;asins=B0170H3H1O&amp;linkId=e5ceade5d403e81d231cb43b70e6b49f&amp;show_border=false&amp;link_opens_in_new_window=true&amp;price_color=333333&amp;title_color=0066c0&amp;bg_color=ffffff\" frameborder=\"0\" marginwidth=\"0\" marginheight=\"0\" scrolling=\"no\"><br \/>\n    <\/iframe><\/p>\n","protected":false},"excerpt":{"rendered":"<p>Storytelling para resultados vem preencher uma lacuna no assunto, em um per\u00edodo em que a busca pelo tema n\u00e3o para de crescer e em que a pr\u00e1tica do storytelling talvez seja a solu\u00e7\u00e3o mais eficaz para resolver os atuais dilemas das organiza\u00e7\u00f5es, como a reten\u00e7\u00e3o de talentos e a necessidade de integrar diferentes gera\u00e7\u00f5es dentro [&hellip;]<\/p>\n","protected":false},"author":1,"featured_media":356,"comment_status":"open","ping_status":"open","sticky":false,"template":"","format":"standard","meta":{"footnotes":""},"categories":[5],"tags":[86,26],"class_list":["post-355","post","type-post","status-publish","format-standard","has-post-thumbnail","hentry","category-storytelling","tag-resultados","tag-storytelling"],"yoast_head":"<!-- This site is optimized with the Yoast SEO plugin v24.9 - https:\/\/yoast.com\/wordpress\/plugins\/seo\/ -->\n<title>Storytelling Para Resultados. Como Usar Est\u00f3rias no Ambiente Empresarial - Marconi Fabio Vieira, PMP<\/title>\n<meta name=\"robots\" content=\"index, follow, max-snippet:-1, max-image-preview:large, max-video-preview:-1\" \/>\n<link rel=\"canonical\" href=\"https:\/\/marconivieira.com.br\/index.php\/2020\/09\/22\/storytelling-para-resultados-como-usar-estorias-no-ambiente-empresarial\/\" \/>\n<meta property=\"og:locale\" content=\"pt_BR\" \/>\n<meta property=\"og:type\" content=\"article\" \/>\n<meta property=\"og:title\" content=\"Storytelling Para Resultados. Como Usar Est\u00f3rias no Ambiente Empresarial - Marconi Fabio Vieira, PMP\" \/>\n<meta property=\"og:description\" content=\"Storytelling para resultados vem preencher uma lacuna no assunto, em um per\u00edodo em que a busca pelo tema n\u00e3o para de crescer e em que a pr\u00e1tica do storytelling talvez seja a solu\u00e7\u00e3o mais eficaz para resolver os atuais dilemas das organiza\u00e7\u00f5es, como a reten\u00e7\u00e3o de talentos e a necessidade de integrar diferentes gera\u00e7\u00f5es dentro [&hellip;]\" \/>\n<meta property=\"og:url\" content=\"https:\/\/marconivieira.com.br\/index.php\/2020\/09\/22\/storytelling-para-resultados-como-usar-estorias-no-ambiente-empresarial\/\" \/>\n<meta property=\"og:site_name\" content=\"Marconi Fabio Vieira, PMP\" \/>\n<meta property=\"article:published_time\" content=\"2020-09-23T02:46:05+00:00\" \/>\n<meta property=\"article:modified_time\" content=\"2020-09-23T02:46:32+00:00\" \/>\n<meta property=\"og:image\" content=\"https:\/\/marconivieira.com.br\/wp-content\/uploads\/2020\/09\/storytelling_para_resultados-e1600829156985.jpg\" \/>\n\t<meta property=\"og:image:width\" content=\"200\" \/>\n\t<meta property=\"og:image:height\" content=\"300\" \/>\n\t<meta property=\"og:image:type\" content=\"image\/jpeg\" \/>\n<meta name=\"author\" content=\"marconivieira\" \/>\n<meta name=\"twitter:card\" content=\"summary_large_image\" \/>\n<meta name=\"twitter:label1\" content=\"Escrito por\" \/>\n\t<meta name=\"twitter:data1\" content=\"marconivieira\" \/>\n<script type=\"application\/ld+json\" class=\"yoast-schema-graph\">{\"@context\":\"https:\/\/schema.org\",\"@graph\":[{\"@type\":\"WebPage\",\"@id\":\"https:\/\/marconivieira.com.br\/index.php\/2020\/09\/22\/storytelling-para-resultados-como-usar-estorias-no-ambiente-empresarial\/\",\"url\":\"https:\/\/marconivieira.com.br\/index.php\/2020\/09\/22\/storytelling-para-resultados-como-usar-estorias-no-ambiente-empresarial\/\",\"name\":\"Storytelling Para Resultados. Como Usar Est\u00f3rias no Ambiente Empresarial - Marconi Fabio Vieira, PMP\",\"isPartOf\":{\"@id\":\"https:\/\/marconivieira.com.br\/#website\"},\"primaryImageOfPage\":{\"@id\":\"https:\/\/marconivieira.com.br\/index.php\/2020\/09\/22\/storytelling-para-resultados-como-usar-estorias-no-ambiente-empresarial\/#primaryimage\"},\"image\":{\"@id\":\"https:\/\/marconivieira.com.br\/index.php\/2020\/09\/22\/storytelling-para-resultados-como-usar-estorias-no-ambiente-empresarial\/#primaryimage\"},\"thumbnailUrl\":\"https:\/\/marconivieira.com.br\/wp-content\/uploads\/2020\/09\/storytelling_para_resultados-e1600829156985.jpg\",\"datePublished\":\"2020-09-23T02:46:05+00:00\",\"dateModified\":\"2020-09-23T02:46:32+00:00\",\"author\":{\"@id\":\"https:\/\/marconivieira.com.br\/#\/schema\/person\/ecda8bc0143a3594d0d84bb876790b4c\"},\"breadcrumb\":{\"@id\":\"https:\/\/marconivieira.com.br\/index.php\/2020\/09\/22\/storytelling-para-resultados-como-usar-estorias-no-ambiente-empresarial\/#breadcrumb\"},\"inLanguage\":\"pt-BR\",\"potentialAction\":[{\"@type\":\"ReadAction\",\"target\":[\"https:\/\/marconivieira.com.br\/index.php\/2020\/09\/22\/storytelling-para-resultados-como-usar-estorias-no-ambiente-empresarial\/\"]}]},{\"@type\":\"ImageObject\",\"inLanguage\":\"pt-BR\",\"@id\":\"https:\/\/marconivieira.com.br\/index.php\/2020\/09\/22\/storytelling-para-resultados-como-usar-estorias-no-ambiente-empresarial\/#primaryimage\",\"url\":\"https:\/\/marconivieira.com.br\/wp-content\/uploads\/2020\/09\/storytelling_para_resultados-e1600829156985.jpg\",\"contentUrl\":\"https:\/\/marconivieira.com.br\/wp-content\/uploads\/2020\/09\/storytelling_para_resultados-e1600829156985.jpg\",\"width\":200,\"height\":300},{\"@type\":\"BreadcrumbList\",\"@id\":\"https:\/\/marconivieira.com.br\/index.php\/2020\/09\/22\/storytelling-para-resultados-como-usar-estorias-no-ambiente-empresarial\/#breadcrumb\",\"itemListElement\":[{\"@type\":\"ListItem\",\"position\":1,\"name\":\"In\u00edcio\",\"item\":\"https:\/\/marconivieira.com.br\/\"},{\"@type\":\"ListItem\",\"position\":2,\"name\":\"Storytelling Para Resultados. Como Usar Est\u00f3rias no Ambiente Empresarial\"}]},{\"@type\":\"WebSite\",\"@id\":\"https:\/\/marconivieira.com.br\/#website\",\"url\":\"https:\/\/marconivieira.com.br\/\",\"name\":\"Marconi Fabio Vieira, PMP\",\"description\":\"Livros e Artigos que Edificam\",\"potentialAction\":[{\"@type\":\"SearchAction\",\"target\":{\"@type\":\"EntryPoint\",\"urlTemplate\":\"https:\/\/marconivieira.com.br\/?s={search_term_string}\"},\"query-input\":{\"@type\":\"PropertyValueSpecification\",\"valueRequired\":true,\"valueName\":\"search_term_string\"}}],\"inLanguage\":\"pt-BR\"},{\"@type\":\"Person\",\"@id\":\"https:\/\/marconivieira.com.br\/#\/schema\/person\/ecda8bc0143a3594d0d84bb876790b4c\",\"name\":\"marconivieira\",\"image\":{\"@type\":\"ImageObject\",\"inLanguage\":\"pt-BR\",\"@id\":\"https:\/\/marconivieira.com.br\/#\/schema\/person\/image\/\",\"url\":\"https:\/\/secure.gravatar.com\/avatar\/87e78cc6508dce8559a41de4d1bc77be10e5bf347e873fa9c483811e38b5b190?s=96&d=mm&r=g\",\"contentUrl\":\"https:\/\/secure.gravatar.com\/avatar\/87e78cc6508dce8559a41de4d1bc77be10e5bf347e873fa9c483811e38b5b190?s=96&d=mm&r=g\",\"caption\":\"marconivieira\"},\"sameAs\":[\"https:\/\/marconivieira.com.br\"],\"url\":\"https:\/\/marconivieira.com.br\/index.php\/author\/marconivieira\/\"}]}<\/script>\n<!-- \/ Yoast SEO plugin. -->","yoast_head_json":{"title":"Storytelling Para Resultados. Como Usar Est\u00f3rias no Ambiente Empresarial - Marconi Fabio Vieira, PMP","robots":{"index":"index","follow":"follow","max-snippet":"max-snippet:-1","max-image-preview":"max-image-preview:large","max-video-preview":"max-video-preview:-1"},"canonical":"https:\/\/marconivieira.com.br\/index.php\/2020\/09\/22\/storytelling-para-resultados-como-usar-estorias-no-ambiente-empresarial\/","og_locale":"pt_BR","og_type":"article","og_title":"Storytelling Para Resultados. Como Usar Est\u00f3rias no Ambiente Empresarial - Marconi Fabio Vieira, PMP","og_description":"Storytelling para resultados vem preencher uma lacuna no assunto, em um per\u00edodo em que a busca pelo tema n\u00e3o para de crescer e em que a pr\u00e1tica do storytelling talvez seja a solu\u00e7\u00e3o mais eficaz para resolver os atuais dilemas das organiza\u00e7\u00f5es, como a reten\u00e7\u00e3o de talentos e a necessidade de integrar diferentes gera\u00e7\u00f5es dentro [&hellip;]","og_url":"https:\/\/marconivieira.com.br\/index.php\/2020\/09\/22\/storytelling-para-resultados-como-usar-estorias-no-ambiente-empresarial\/","og_site_name":"Marconi Fabio Vieira, PMP","article_published_time":"2020-09-23T02:46:05+00:00","article_modified_time":"2020-09-23T02:46:32+00:00","og_image":[{"width":200,"height":300,"url":"https:\/\/marconivieira.com.br\/wp-content\/uploads\/2020\/09\/storytelling_para_resultados-e1600829156985.jpg","type":"image\/jpeg"}],"author":"marconivieira","twitter_card":"summary_large_image","twitter_misc":{"Escrito por":"marconivieira"},"schema":{"@context":"https:\/\/schema.org","@graph":[{"@type":"WebPage","@id":"https:\/\/marconivieira.com.br\/index.php\/2020\/09\/22\/storytelling-para-resultados-como-usar-estorias-no-ambiente-empresarial\/","url":"https:\/\/marconivieira.com.br\/index.php\/2020\/09\/22\/storytelling-para-resultados-como-usar-estorias-no-ambiente-empresarial\/","name":"Storytelling Para Resultados. Como Usar Est\u00f3rias no Ambiente Empresarial - Marconi Fabio Vieira, PMP","isPartOf":{"@id":"https:\/\/marconivieira.com.br\/#website"},"primaryImageOfPage":{"@id":"https:\/\/marconivieira.com.br\/index.php\/2020\/09\/22\/storytelling-para-resultados-como-usar-estorias-no-ambiente-empresarial\/#primaryimage"},"image":{"@id":"https:\/\/marconivieira.com.br\/index.php\/2020\/09\/22\/storytelling-para-resultados-como-usar-estorias-no-ambiente-empresarial\/#primaryimage"},"thumbnailUrl":"https:\/\/marconivieira.com.br\/wp-content\/uploads\/2020\/09\/storytelling_para_resultados-e1600829156985.jpg","datePublished":"2020-09-23T02:46:05+00:00","dateModified":"2020-09-23T02:46:32+00:00","author":{"@id":"https:\/\/marconivieira.com.br\/#\/schema\/person\/ecda8bc0143a3594d0d84bb876790b4c"},"breadcrumb":{"@id":"https:\/\/marconivieira.com.br\/index.php\/2020\/09\/22\/storytelling-para-resultados-como-usar-estorias-no-ambiente-empresarial\/#breadcrumb"},"inLanguage":"pt-BR","potentialAction":[{"@type":"ReadAction","target":["https:\/\/marconivieira.com.br\/index.php\/2020\/09\/22\/storytelling-para-resultados-como-usar-estorias-no-ambiente-empresarial\/"]}]},{"@type":"ImageObject","inLanguage":"pt-BR","@id":"https:\/\/marconivieira.com.br\/index.php\/2020\/09\/22\/storytelling-para-resultados-como-usar-estorias-no-ambiente-empresarial\/#primaryimage","url":"https:\/\/marconivieira.com.br\/wp-content\/uploads\/2020\/09\/storytelling_para_resultados-e1600829156985.jpg","contentUrl":"https:\/\/marconivieira.com.br\/wp-content\/uploads\/2020\/09\/storytelling_para_resultados-e1600829156985.jpg","width":200,"height":300},{"@type":"BreadcrumbList","@id":"https:\/\/marconivieira.com.br\/index.php\/2020\/09\/22\/storytelling-para-resultados-como-usar-estorias-no-ambiente-empresarial\/#breadcrumb","itemListElement":[{"@type":"ListItem","position":1,"name":"In\u00edcio","item":"https:\/\/marconivieira.com.br\/"},{"@type":"ListItem","position":2,"name":"Storytelling Para Resultados. Como Usar Est\u00f3rias no Ambiente Empresarial"}]},{"@type":"WebSite","@id":"https:\/\/marconivieira.com.br\/#website","url":"https:\/\/marconivieira.com.br\/","name":"Marconi Fabio Vieira, PMP","description":"Livros e Artigos que Edificam","potentialAction":[{"@type":"SearchAction","target":{"@type":"EntryPoint","urlTemplate":"https:\/\/marconivieira.com.br\/?s={search_term_string}"},"query-input":{"@type":"PropertyValueSpecification","valueRequired":true,"valueName":"search_term_string"}}],"inLanguage":"pt-BR"},{"@type":"Person","@id":"https:\/\/marconivieira.com.br\/#\/schema\/person\/ecda8bc0143a3594d0d84bb876790b4c","name":"marconivieira","image":{"@type":"ImageObject","inLanguage":"pt-BR","@id":"https:\/\/marconivieira.com.br\/#\/schema\/person\/image\/","url":"https:\/\/secure.gravatar.com\/avatar\/87e78cc6508dce8559a41de4d1bc77be10e5bf347e873fa9c483811e38b5b190?s=96&d=mm&r=g","contentUrl":"https:\/\/secure.gravatar.com\/avatar\/87e78cc6508dce8559a41de4d1bc77be10e5bf347e873fa9c483811e38b5b190?s=96&d=mm&r=g","caption":"marconivieira"},"sameAs":["https:\/\/marconivieira.com.br"],"url":"https:\/\/marconivieira.com.br\/index.php\/author\/marconivieira\/"}]}},"_links":{"self":[{"href":"https:\/\/marconivieira.com.br\/index.php\/wp-json\/wp\/v2\/posts\/355","targetHints":{"allow":["GET"]}}],"collection":[{"href":"https:\/\/marconivieira.com.br\/index.php\/wp-json\/wp\/v2\/posts"}],"about":[{"href":"https:\/\/marconivieira.com.br\/index.php\/wp-json\/wp\/v2\/types\/post"}],"author":[{"embeddable":true,"href":"https:\/\/marconivieira.com.br\/index.php\/wp-json\/wp\/v2\/users\/1"}],"replies":[{"embeddable":true,"href":"https:\/\/marconivieira.com.br\/index.php\/wp-json\/wp\/v2\/comments?post=355"}],"version-history":[{"count":3,"href":"https:\/\/marconivieira.com.br\/index.php\/wp-json\/wp\/v2\/posts\/355\/revisions"}],"predecessor-version":[{"id":359,"href":"https:\/\/marconivieira.com.br\/index.php\/wp-json\/wp\/v2\/posts\/355\/revisions\/359"}],"wp:featuredmedia":[{"embeddable":true,"href":"https:\/\/marconivieira.com.br\/index.php\/wp-json\/wp\/v2\/media\/356"}],"wp:attachment":[{"href":"https:\/\/marconivieira.com.br\/index.php\/wp-json\/wp\/v2\/media?parent=355"}],"wp:term":[{"taxonomy":"category","embeddable":true,"href":"https:\/\/marconivieira.com.br\/index.php\/wp-json\/wp\/v2\/categories?post=355"},{"taxonomy":"post_tag","embeddable":true,"href":"https:\/\/marconivieira.com.br\/index.php\/wp-json\/wp\/v2\/tags?post=355"}],"curies":[{"name":"wp","href":"https:\/\/api.w.org\/{rel}","templated":true}]}}