{"id":360,"date":"2020-09-22T23:48:19","date_gmt":"2020-09-23T02:48:19","guid":{"rendered":"https:\/\/marconivieira.com.br\/?p=360"},"modified":"2020-09-22T23:48:54","modified_gmt":"2020-09-23T02:48:54","slug":"comunicacao-inteligente-e-storytelling-para-alavancar-negocios-e-carreiras","status":"publish","type":"post","link":"https:\/\/marconivieira.com.br\/index.php\/2020\/09\/22\/comunicacao-inteligente-e-storytelling-para-alavancar-negocios-e-carreiras\/","title":{"rendered":"Comunica\u00e7\u00e3o Inteligente e Storytelling: Para Alavancar Neg\u00f3cios e Carreiras"},"content":{"rendered":"<p>&#8220;Escrito em linguagem acess\u00edvel, envolvente e direta, ao estilo de um gostoso bate-papo, este livro traz a empreendedores, profissionais liberais e aut\u00f4nomos, colaboradores e gestores de pequenas e m\u00e9dias empresas as melhores e piores pr\u00e1ticas em comunica\u00e7\u00e3o e storytelling, mostrando os erros a serem evitados.<br \/>\nAlguns temas tratados s\u00e3o: desenvolvimento de habilidades de comunica\u00e7\u00e3o para profissionais e equipes; planejamento de comunica\u00e7\u00e3o; comunica\u00e7\u00e3o e lideran\u00e7a; o papel fundamental da comunica\u00e7\u00e3o em marketing e vendas; o que \u00e9 storytelling e como ele pode ser usado pelos profissionais e pelas empresas.<br \/>\nOs leitores ver\u00e3o que a comunica\u00e7\u00e3o deve ser encarada como um princ\u00edpio e precisa ocupar um espa\u00e7o no centro da estrat\u00e9gia dos neg\u00f3cios das empresas e das carreiras profissionais. Afinal, colocar em pr\u00e1tica uma comunica\u00e7\u00e3o extraordin\u00e1ria proporciona economia de recursos e aumentos significativos de resultados, tanto financeiro quanto em ganho de credibilidade e valor adicionado \u00e0s rela\u00e7\u00f5es com clientes.<br \/>\nQuando conheci o Rafael, o que me chamou a aten\u00e7\u00e3o foi o amor com que ele faz as coisas. Sabe aquele cara \u201cindesist\u00edvel\u201d? Pois \u00e9, esse homem com alma de garoto ainda voar\u00e1 muito longe, pois sua verdade faz com que as pessoas se envolvam com o conte\u00fado que ele quer transmitir. Parab\u00e9ns pela obra, Rafael! Agora o leitor recebe o legado de um cara extremamente competente e apaixonado pela arte da comunica\u00e7\u00e3o.&#8221; &#8211; Marcelo Germano \u2013 autor do livro Voc\u00ea Tamb\u00e9m Pode Brilhar<\/p>\n<p>&#8220;De uma maneira contempor\u00e2nea, simples e recheada de exemplos, s\u00e3o apresentados os elementos essenciais para a compreens\u00e3o e o exerc\u00edcio da comunica\u00e7\u00e3o plena.&#8221; &#8211; Renato Fonseca de Andrade \u2013 autor do livro Conex\u00f5es Empreendedoras<\/p>\n<p><iframe style=\"width: 120px; height: 240px;\" src=\"\/\/ws-na.amazon-adsystem.com\/widgets\/q?ServiceVersion=20070822&amp;OneJS=1&amp;Operation=GetAdHtml&amp;MarketPlace=BR&amp;source=ac&amp;ref=tf_til&amp;ad_type=product_link&amp;tracking_id=marconiv-20&amp;marketplace=amazon&amp;region=BR&amp;placement=8550807834&amp;asins=8550807834&amp;linkId=44c2338b317253c91ade122756d59b1a&amp;show_border=false&amp;link_opens_in_new_window=true&amp;price_color=333333&amp;title_color=0066c0&amp;bg_color=ffffff\" frameborder=\"0\" marginwidth=\"0\" marginheight=\"0\" scrolling=\"no\"><br \/>\n    <\/iframe><\/p>\n","protected":false},"excerpt":{"rendered":"<p>&#8220;Escrito em linguagem acess\u00edvel, envolvente e direta, ao estilo de um gostoso bate-papo, este livro traz a empreendedores, profissionais liberais e aut\u00f4nomos, colaboradores e gestores de pequenas e m\u00e9dias empresas as melhores e piores pr\u00e1ticas em comunica\u00e7\u00e3o e storytelling, mostrando os erros a serem evitados. Alguns temas tratados s\u00e3o: desenvolvimento de habilidades de comunica\u00e7\u00e3o para [&hellip;]<\/p>\n","protected":false},"author":1,"featured_media":361,"comment_status":"open","ping_status":"open","sticky":false,"template":"","format":"standard","meta":{"footnotes":""},"categories":[5],"tags":[26],"class_list":["post-360","post","type-post","status-publish","format-standard","has-post-thumbnail","hentry","category-storytelling","tag-storytelling"],"yoast_head":"<!-- This site is optimized with the Yoast SEO plugin v24.9 - https:\/\/yoast.com\/wordpress\/plugins\/seo\/ -->\n<title>Comunica\u00e7\u00e3o Inteligente e Storytelling: Para Alavancar Neg\u00f3cios e Carreiras - Marconi Fabio Vieira, PMP<\/title>\n<meta name=\"robots\" content=\"index, follow, max-snippet:-1, max-image-preview:large, max-video-preview:-1\" \/>\n<link rel=\"canonical\" href=\"https:\/\/marconivieira.com.br\/index.php\/2020\/09\/22\/comunicacao-inteligente-e-storytelling-para-alavancar-negocios-e-carreiras\/\" \/>\n<meta property=\"og:locale\" content=\"pt_BR\" \/>\n<meta property=\"og:type\" content=\"article\" \/>\n<meta property=\"og:title\" content=\"Comunica\u00e7\u00e3o Inteligente e Storytelling: Para Alavancar Neg\u00f3cios e Carreiras - Marconi Fabio Vieira, PMP\" \/>\n<meta property=\"og:description\" content=\"&#8220;Escrito em linguagem acess\u00edvel, envolvente e direta, ao estilo de um gostoso bate-papo, este livro traz a empreendedores, profissionais liberais e aut\u00f4nomos, colaboradores e gestores de pequenas e m\u00e9dias empresas as melhores e piores pr\u00e1ticas em comunica\u00e7\u00e3o e storytelling, mostrando os erros a serem evitados. Alguns temas tratados s\u00e3o: desenvolvimento de habilidades de comunica\u00e7\u00e3o para [&hellip;]\" \/>\n<meta property=\"og:url\" content=\"https:\/\/marconivieira.com.br\/index.php\/2020\/09\/22\/comunicacao-inteligente-e-storytelling-para-alavancar-negocios-e-carreiras\/\" \/>\n<meta property=\"og:site_name\" content=\"Marconi Fabio Vieira, PMP\" \/>\n<meta property=\"article:published_time\" content=\"2020-09-23T02:48:19+00:00\" \/>\n<meta property=\"article:modified_time\" content=\"2020-09-23T02:48:54+00:00\" \/>\n<meta property=\"og:image\" content=\"https:\/\/marconivieira.com.br\/wp-content\/uploads\/2020\/09\/comunicacao_inteligente-e1600829289840.jpg\" \/>\n\t<meta property=\"og:image:width\" content=\"200\" \/>\n\t<meta property=\"og:image:height\" content=\"283\" \/>\n\t<meta property=\"og:image:type\" content=\"image\/jpeg\" \/>\n<meta name=\"author\" content=\"marconivieira\" \/>\n<meta name=\"twitter:card\" content=\"summary_large_image\" \/>\n<meta name=\"twitter:label1\" content=\"Escrito por\" \/>\n\t<meta name=\"twitter:data1\" content=\"marconivieira\" \/>\n\t<meta name=\"twitter:label2\" content=\"Est. tempo de leitura\" \/>\n\t<meta name=\"twitter:data2\" content=\"1 minuto\" \/>\n<script type=\"application\/ld+json\" class=\"yoast-schema-graph\">{\"@context\":\"https:\/\/schema.org\",\"@graph\":[{\"@type\":\"WebPage\",\"@id\":\"https:\/\/marconivieira.com.br\/index.php\/2020\/09\/22\/comunicacao-inteligente-e-storytelling-para-alavancar-negocios-e-carreiras\/\",\"url\":\"https:\/\/marconivieira.com.br\/index.php\/2020\/09\/22\/comunicacao-inteligente-e-storytelling-para-alavancar-negocios-e-carreiras\/\",\"name\":\"Comunica\u00e7\u00e3o Inteligente e Storytelling: Para Alavancar Neg\u00f3cios e Carreiras - Marconi Fabio Vieira, PMP\",\"isPartOf\":{\"@id\":\"https:\/\/marconivieira.com.br\/#website\"},\"primaryImageOfPage\":{\"@id\":\"https:\/\/marconivieira.com.br\/index.php\/2020\/09\/22\/comunicacao-inteligente-e-storytelling-para-alavancar-negocios-e-carreiras\/#primaryimage\"},\"image\":{\"@id\":\"https:\/\/marconivieira.com.br\/index.php\/2020\/09\/22\/comunicacao-inteligente-e-storytelling-para-alavancar-negocios-e-carreiras\/#primaryimage\"},\"thumbnailUrl\":\"https:\/\/marconivieira.com.br\/wp-content\/uploads\/2020\/09\/comunicacao_inteligente-e1600829289840.jpg\",\"datePublished\":\"2020-09-23T02:48:19+00:00\",\"dateModified\":\"2020-09-23T02:48:54+00:00\",\"author\":{\"@id\":\"https:\/\/marconivieira.com.br\/#\/schema\/person\/ecda8bc0143a3594d0d84bb876790b4c\"},\"breadcrumb\":{\"@id\":\"https:\/\/marconivieira.com.br\/index.php\/2020\/09\/22\/comunicacao-inteligente-e-storytelling-para-alavancar-negocios-e-carreiras\/#breadcrumb\"},\"inLanguage\":\"pt-BR\",\"potentialAction\":[{\"@type\":\"ReadAction\",\"target\":[\"https:\/\/marconivieira.com.br\/index.php\/2020\/09\/22\/comunicacao-inteligente-e-storytelling-para-alavancar-negocios-e-carreiras\/\"]}]},{\"@type\":\"ImageObject\",\"inLanguage\":\"pt-BR\",\"@id\":\"https:\/\/marconivieira.com.br\/index.php\/2020\/09\/22\/comunicacao-inteligente-e-storytelling-para-alavancar-negocios-e-carreiras\/#primaryimage\",\"url\":\"https:\/\/marconivieira.com.br\/wp-content\/uploads\/2020\/09\/comunicacao_inteligente-e1600829289840.jpg\",\"contentUrl\":\"https:\/\/marconivieira.com.br\/wp-content\/uploads\/2020\/09\/comunicacao_inteligente-e1600829289840.jpg\",\"width\":200,\"height\":283},{\"@type\":\"BreadcrumbList\",\"@id\":\"https:\/\/marconivieira.com.br\/index.php\/2020\/09\/22\/comunicacao-inteligente-e-storytelling-para-alavancar-negocios-e-carreiras\/#breadcrumb\",\"itemListElement\":[{\"@type\":\"ListItem\",\"position\":1,\"name\":\"In\u00edcio\",\"item\":\"https:\/\/marconivieira.com.br\/\"},{\"@type\":\"ListItem\",\"position\":2,\"name\":\"Comunica\u00e7\u00e3o Inteligente e Storytelling: Para Alavancar Neg\u00f3cios e Carreiras\"}]},{\"@type\":\"WebSite\",\"@id\":\"https:\/\/marconivieira.com.br\/#website\",\"url\":\"https:\/\/marconivieira.com.br\/\",\"name\":\"Marconi Fabio Vieira, PMP\",\"description\":\"Livros e Artigos que Edificam\",\"potentialAction\":[{\"@type\":\"SearchAction\",\"target\":{\"@type\":\"EntryPoint\",\"urlTemplate\":\"https:\/\/marconivieira.com.br\/?s={search_term_string}\"},\"query-input\":{\"@type\":\"PropertyValueSpecification\",\"valueRequired\":true,\"valueName\":\"search_term_string\"}}],\"inLanguage\":\"pt-BR\"},{\"@type\":\"Person\",\"@id\":\"https:\/\/marconivieira.com.br\/#\/schema\/person\/ecda8bc0143a3594d0d84bb876790b4c\",\"name\":\"marconivieira\",\"image\":{\"@type\":\"ImageObject\",\"inLanguage\":\"pt-BR\",\"@id\":\"https:\/\/marconivieira.com.br\/#\/schema\/person\/image\/\",\"url\":\"https:\/\/secure.gravatar.com\/avatar\/87e78cc6508dce8559a41de4d1bc77be10e5bf347e873fa9c483811e38b5b190?s=96&d=mm&r=g\",\"contentUrl\":\"https:\/\/secure.gravatar.com\/avatar\/87e78cc6508dce8559a41de4d1bc77be10e5bf347e873fa9c483811e38b5b190?s=96&d=mm&r=g\",\"caption\":\"marconivieira\"},\"sameAs\":[\"https:\/\/marconivieira.com.br\"],\"url\":\"https:\/\/marconivieira.com.br\/index.php\/author\/marconivieira\/\"}]}<\/script>\n<!-- \/ Yoast SEO plugin. -->","yoast_head_json":{"title":"Comunica\u00e7\u00e3o Inteligente e Storytelling: Para Alavancar Neg\u00f3cios e Carreiras - Marconi Fabio Vieira, PMP","robots":{"index":"index","follow":"follow","max-snippet":"max-snippet:-1","max-image-preview":"max-image-preview:large","max-video-preview":"max-video-preview:-1"},"canonical":"https:\/\/marconivieira.com.br\/index.php\/2020\/09\/22\/comunicacao-inteligente-e-storytelling-para-alavancar-negocios-e-carreiras\/","og_locale":"pt_BR","og_type":"article","og_title":"Comunica\u00e7\u00e3o Inteligente e Storytelling: Para Alavancar Neg\u00f3cios e Carreiras - Marconi Fabio Vieira, PMP","og_description":"&#8220;Escrito em linguagem acess\u00edvel, envolvente e direta, ao estilo de um gostoso bate-papo, este livro traz a empreendedores, profissionais liberais e aut\u00f4nomos, colaboradores e gestores de pequenas e m\u00e9dias empresas as melhores e piores pr\u00e1ticas em comunica\u00e7\u00e3o e storytelling, mostrando os erros a serem evitados. Alguns temas tratados s\u00e3o: desenvolvimento de habilidades de comunica\u00e7\u00e3o para [&hellip;]","og_url":"https:\/\/marconivieira.com.br\/index.php\/2020\/09\/22\/comunicacao-inteligente-e-storytelling-para-alavancar-negocios-e-carreiras\/","og_site_name":"Marconi Fabio Vieira, PMP","article_published_time":"2020-09-23T02:48:19+00:00","article_modified_time":"2020-09-23T02:48:54+00:00","og_image":[{"width":200,"height":283,"url":"https:\/\/marconivieira.com.br\/wp-content\/uploads\/2020\/09\/comunicacao_inteligente-e1600829289840.jpg","type":"image\/jpeg"}],"author":"marconivieira","twitter_card":"summary_large_image","twitter_misc":{"Escrito por":"marconivieira","Est. tempo de leitura":"1 minuto"},"schema":{"@context":"https:\/\/schema.org","@graph":[{"@type":"WebPage","@id":"https:\/\/marconivieira.com.br\/index.php\/2020\/09\/22\/comunicacao-inteligente-e-storytelling-para-alavancar-negocios-e-carreiras\/","url":"https:\/\/marconivieira.com.br\/index.php\/2020\/09\/22\/comunicacao-inteligente-e-storytelling-para-alavancar-negocios-e-carreiras\/","name":"Comunica\u00e7\u00e3o Inteligente e Storytelling: Para Alavancar Neg\u00f3cios e Carreiras - Marconi Fabio Vieira, PMP","isPartOf":{"@id":"https:\/\/marconivieira.com.br\/#website"},"primaryImageOfPage":{"@id":"https:\/\/marconivieira.com.br\/index.php\/2020\/09\/22\/comunicacao-inteligente-e-storytelling-para-alavancar-negocios-e-carreiras\/#primaryimage"},"image":{"@id":"https:\/\/marconivieira.com.br\/index.php\/2020\/09\/22\/comunicacao-inteligente-e-storytelling-para-alavancar-negocios-e-carreiras\/#primaryimage"},"thumbnailUrl":"https:\/\/marconivieira.com.br\/wp-content\/uploads\/2020\/09\/comunicacao_inteligente-e1600829289840.jpg","datePublished":"2020-09-23T02:48:19+00:00","dateModified":"2020-09-23T02:48:54+00:00","author":{"@id":"https:\/\/marconivieira.com.br\/#\/schema\/person\/ecda8bc0143a3594d0d84bb876790b4c"},"breadcrumb":{"@id":"https:\/\/marconivieira.com.br\/index.php\/2020\/09\/22\/comunicacao-inteligente-e-storytelling-para-alavancar-negocios-e-carreiras\/#breadcrumb"},"inLanguage":"pt-BR","potentialAction":[{"@type":"ReadAction","target":["https:\/\/marconivieira.com.br\/index.php\/2020\/09\/22\/comunicacao-inteligente-e-storytelling-para-alavancar-negocios-e-carreiras\/"]}]},{"@type":"ImageObject","inLanguage":"pt-BR","@id":"https:\/\/marconivieira.com.br\/index.php\/2020\/09\/22\/comunicacao-inteligente-e-storytelling-para-alavancar-negocios-e-carreiras\/#primaryimage","url":"https:\/\/marconivieira.com.br\/wp-content\/uploads\/2020\/09\/comunicacao_inteligente-e1600829289840.jpg","contentUrl":"https:\/\/marconivieira.com.br\/wp-content\/uploads\/2020\/09\/comunicacao_inteligente-e1600829289840.jpg","width":200,"height":283},{"@type":"BreadcrumbList","@id":"https:\/\/marconivieira.com.br\/index.php\/2020\/09\/22\/comunicacao-inteligente-e-storytelling-para-alavancar-negocios-e-carreiras\/#breadcrumb","itemListElement":[{"@type":"ListItem","position":1,"name":"In\u00edcio","item":"https:\/\/marconivieira.com.br\/"},{"@type":"ListItem","position":2,"name":"Comunica\u00e7\u00e3o Inteligente e Storytelling: Para Alavancar Neg\u00f3cios e Carreiras"}]},{"@type":"WebSite","@id":"https:\/\/marconivieira.com.br\/#website","url":"https:\/\/marconivieira.com.br\/","name":"Marconi Fabio Vieira, PMP","description":"Livros e Artigos que Edificam","potentialAction":[{"@type":"SearchAction","target":{"@type":"EntryPoint","urlTemplate":"https:\/\/marconivieira.com.br\/?s={search_term_string}"},"query-input":{"@type":"PropertyValueSpecification","valueRequired":true,"valueName":"search_term_string"}}],"inLanguage":"pt-BR"},{"@type":"Person","@id":"https:\/\/marconivieira.com.br\/#\/schema\/person\/ecda8bc0143a3594d0d84bb876790b4c","name":"marconivieira","image":{"@type":"ImageObject","inLanguage":"pt-BR","@id":"https:\/\/marconivieira.com.br\/#\/schema\/person\/image\/","url":"https:\/\/secure.gravatar.com\/avatar\/87e78cc6508dce8559a41de4d1bc77be10e5bf347e873fa9c483811e38b5b190?s=96&d=mm&r=g","contentUrl":"https:\/\/secure.gravatar.com\/avatar\/87e78cc6508dce8559a41de4d1bc77be10e5bf347e873fa9c483811e38b5b190?s=96&d=mm&r=g","caption":"marconivieira"},"sameAs":["https:\/\/marconivieira.com.br"],"url":"https:\/\/marconivieira.com.br\/index.php\/author\/marconivieira\/"}]}},"_links":{"self":[{"href":"https:\/\/marconivieira.com.br\/index.php\/wp-json\/wp\/v2\/posts\/360","targetHints":{"allow":["GET"]}}],"collection":[{"href":"https:\/\/marconivieira.com.br\/index.php\/wp-json\/wp\/v2\/posts"}],"about":[{"href":"https:\/\/marconivieira.com.br\/index.php\/wp-json\/wp\/v2\/types\/post"}],"author":[{"embeddable":true,"href":"https:\/\/marconivieira.com.br\/index.php\/wp-json\/wp\/v2\/users\/1"}],"replies":[{"embeddable":true,"href":"https:\/\/marconivieira.com.br\/index.php\/wp-json\/wp\/v2\/comments?post=360"}],"version-history":[{"count":3,"href":"https:\/\/marconivieira.com.br\/index.php\/wp-json\/wp\/v2\/posts\/360\/revisions"}],"predecessor-version":[{"id":364,"href":"https:\/\/marconivieira.com.br\/index.php\/wp-json\/wp\/v2\/posts\/360\/revisions\/364"}],"wp:featuredmedia":[{"embeddable":true,"href":"https:\/\/marconivieira.com.br\/index.php\/wp-json\/wp\/v2\/media\/361"}],"wp:attachment":[{"href":"https:\/\/marconivieira.com.br\/index.php\/wp-json\/wp\/v2\/media?parent=360"}],"wp:term":[{"taxonomy":"category","embeddable":true,"href":"https:\/\/marconivieira.com.br\/index.php\/wp-json\/wp\/v2\/categories?post=360"},{"taxonomy":"post_tag","embeddable":true,"href":"https:\/\/marconivieira.com.br\/index.php\/wp-json\/wp\/v2\/tags?post=360"}],"curies":[{"name":"wp","href":"https:\/\/api.w.org\/{rel}","templated":true}]}}