{"id":421,"date":"2020-10-04T16:04:43","date_gmt":"2020-10-04T19:04:43","guid":{"rendered":"https:\/\/marconivieira.com.br\/?p=421"},"modified":"2020-10-04T16:05:47","modified_gmt":"2020-10-04T19:05:47","slug":"geracoes-ora-bolas","status":"publish","type":"post","link":"https:\/\/marconivieira.com.br\/index.php\/2020\/10\/04\/geracoes-ora-bolas\/","title":{"rendered":"Gera\u00e7\u00f5es: ora bolas!"},"content":{"rendered":"<p><strong>Por Francisco Sacramento<\/strong><\/p>\n<p>Existem momentos em que me recordo de \u00c9rico Ver\u00edssimo em \u201cO tempo e o vento\u201d e de Honor\u00e9 de Balzac em \u201cA com\u00e9dia humana\u201d pois ambos, em \u00e9pocas distintas e distantes, se debru\u00e7aram e tra\u00e7aram suas considera\u00e7\u00f5es sobre o comportamento do homem, esse ser considerado o \u201crei supremo\u201d do mundo animal, mas que em muitas e muitas ocasi\u00f5es perdesse-se em suas an\u00e1lises e adota decis\u00f5es absolutamente equivocadas sem considerar que vivemos em um mundo de causas e efeitos. Dias atr\u00e1s ao conversar com um executivo de uma organiza\u00e7\u00e3o percebi seu intenso espantado porque aos trinta e oito j\u00e1 era considerado como um representante do passado. Intimamente sorri e fiquei ent\u00e3o a pensar: \u201ccomo imaginariam ent\u00e3o algu\u00e9m como eu que j\u00e1 atingiu os 78\u201d provavelmente como um ser b\u00edblico, um individuo antidiluviano. N\u00e3o estranharia essa abordagem mesmo porque dias atr\u00e1s algu\u00e9m comentou \u00e0 minha frente: \u201cnossa mas o senhor parece muito mais jovem\u201d, para depois complementar com uma interroga\u00e7\u00e3o: \u201cdiga como consegue, com essa idade escrever, falar em p\u00fablico, se aventurar no campo da fotografia experimental e manter essa voz?\u201d A sorrir internamente respondi: \u201csabe qual o meu segredo? Durmo no formol!\u201d Pois \u00e9, aquilo que o jovem executivo est\u00e1 a enfrentar nada mais \u00e9 do que um choque de gera\u00e7\u00f5es: a mais nova questiona a outra at\u00e9 mesmo numa s\u00e1dica pratica do jogo de poder no qual, ela se julga superior.<\/p>\n<p>Senge em a \u201cA dan\u00e7a das mudan\u00e7as\u201d, destaca essa intensa mobilidade promovida de forma vertiginosa pelo vendaval dos tempos. Nesta altura do texto voc\u00ea poder\u00e1 estar a resmungar \u201cperda de tempo lembrar de t\u00edtulos de livros\u201d! \u201cSer\u00e1 mesmo\u201d, rumino com meus bot\u00f5es? Afinal esses t\u00edtulos det\u00e9m o poder de conduzir mentes irriquietas a considera\u00e7\u00f5es profundas que s\u00e3o, em sua ess\u00eancia, fundamentais na busca da efici\u00eancia, da efic\u00e1cia, na constru\u00e7\u00e3o de novos momentos, na solu\u00e7\u00e3o de diferentes tipos de crises. Esse confronto de gera\u00e7\u00f5es tamb\u00e9m leva o meu ver a reflex\u00f5es ir\u00f4nicas, iradas, contundentes e absurdas pois o futuro, como mencionou Drucker, \u201cnasceu no ontem\u201d. Paradoxalmente ou n\u00e3o estamos diante de mudan\u00e7as radicais e velozes, impostas por mais uma crise, e entre o apavorados e extasiados nos defrontamos com a constru\u00e7\u00e3o de um \u201cO admir\u00e1vel mundo novo\u201d. Aldous Huxley em sua obra discorreu sobre um futuro, de certa forma, t\u00e3o chocante que Andr\u00e9 Maurois comentou: trata-se de \u201cum progn\u00f3stico pessimista, uma terrificante utopia\u201d. Parece que nesses anos 20 essa utopia transformou-se em uma realidade absurdamente sanguin\u00e1ria e desagrad\u00e1vel. Essas lembran\u00e7as levam a entender a express\u00e3o \u201cgera\u00e7\u00e3o, ora bolas\u201d na ess\u00eancia conceitos e fatos se repetem a tal ponto que somos o resultado de um conhecimento milenar, que em muitos momentos se apresenta como novidade, mas que na realidade deriva de saberes anteriores, lidos e apresentados no hoje com roupagens modernas, sem no entretanto perder a sua ess\u00eancia.<br \/>\nBom por hoje chega. Grande abra\u00e7o a todos!.<\/p>\n<p><img loading=\"lazy\" decoding=\"async\" class=\"alignnone wp-image-415\" src=\"https:\/\/marconivieira.com.br\/wp-content\/uploads\/2020\/10\/IMG-20201004-WA0009.jpg\" alt=\"\" width=\"800\" height=\"526\"><\/p>\n","protected":false},"excerpt":{"rendered":"<p>Por Francisco Sacramento Existem momentos em que me recordo de \u00c9rico Ver\u00edssimo em \u201cO tempo e o vento\u201d e de Honor\u00e9 de Balzac em \u201cA com\u00e9dia humana\u201d pois ambos, em \u00e9pocas distintas e distantes, se debru\u00e7aram e tra\u00e7aram suas considera\u00e7\u00f5es sobre o comportamento do homem, esse ser considerado o \u201crei supremo\u201d do mundo animal, mas [&hellip;]<\/p>\n","protected":false},"author":1,"featured_media":415,"comment_status":"open","ping_status":"open","sticky":false,"template":"","format":"standard","meta":{"footnotes":""},"categories":[100],"tags":[102,104],"class_list":["post-421","post","type-post","status-publish","format-standard","has-post-thumbnail","hentry","category-cronicas_e_fotografias","tag-francisco-sacramento","tag-geracoes-ora-bolas"],"yoast_head":"<!-- This site is optimized with the Yoast SEO plugin v24.9 - https:\/\/yoast.com\/wordpress\/plugins\/seo\/ -->\n<title>Gera\u00e7\u00f5es: ora bolas! - Marconi Fabio Vieira, PMP<\/title>\n<meta name=\"robots\" content=\"index, follow, max-snippet:-1, max-image-preview:large, max-video-preview:-1\" \/>\n<link rel=\"canonical\" href=\"https:\/\/marconivieira.com.br\/index.php\/2020\/10\/04\/geracoes-ora-bolas\/\" \/>\n<meta property=\"og:locale\" content=\"pt_BR\" \/>\n<meta property=\"og:type\" content=\"article\" \/>\n<meta property=\"og:title\" content=\"Gera\u00e7\u00f5es: ora bolas! - Marconi Fabio Vieira, PMP\" \/>\n<meta property=\"og:description\" content=\"Por Francisco Sacramento Existem momentos em que me recordo de \u00c9rico Ver\u00edssimo em \u201cO tempo e o vento\u201d e de Honor\u00e9 de Balzac em \u201cA com\u00e9dia humana\u201d pois ambos, em \u00e9pocas distintas e distantes, se debru\u00e7aram e tra\u00e7aram suas considera\u00e7\u00f5es sobre o comportamento do homem, esse ser considerado o \u201crei supremo\u201d do mundo animal, mas [&hellip;]\" \/>\n<meta property=\"og:url\" content=\"https:\/\/marconivieira.com.br\/index.php\/2020\/10\/04\/geracoes-ora-bolas\/\" \/>\n<meta property=\"og:site_name\" content=\"Marconi Fabio Vieira, PMP\" \/>\n<meta property=\"article:published_time\" content=\"2020-10-04T19:04:43+00:00\" \/>\n<meta property=\"article:modified_time\" content=\"2020-10-04T19:05:47+00:00\" \/>\n<meta property=\"og:image\" content=\"https:\/\/marconivieira.com.br\/wp-content\/uploads\/2020\/10\/IMG-20201004-WA0009-e1601838319895.jpg\" \/>\n\t<meta property=\"og:image:width\" content=\"200\" \/>\n\t<meta property=\"og:image:height\" content=\"131\" \/>\n\t<meta property=\"og:image:type\" content=\"image\/jpeg\" \/>\n<meta name=\"author\" content=\"marconivieira\" \/>\n<meta name=\"twitter:card\" content=\"summary_large_image\" \/>\n<meta name=\"twitter:label1\" content=\"Escrito por\" \/>\n\t<meta name=\"twitter:data1\" content=\"marconivieira\" \/>\n\t<meta name=\"twitter:label2\" content=\"Est. tempo de leitura\" \/>\n\t<meta name=\"twitter:data2\" content=\"3 minutos\" \/>\n<script type=\"application\/ld+json\" class=\"yoast-schema-graph\">{\"@context\":\"https:\/\/schema.org\",\"@graph\":[{\"@type\":\"WebPage\",\"@id\":\"https:\/\/marconivieira.com.br\/index.php\/2020\/10\/04\/geracoes-ora-bolas\/\",\"url\":\"https:\/\/marconivieira.com.br\/index.php\/2020\/10\/04\/geracoes-ora-bolas\/\",\"name\":\"Gera\u00e7\u00f5es: ora bolas! - Marconi Fabio Vieira, PMP\",\"isPartOf\":{\"@id\":\"https:\/\/marconivieira.com.br\/#website\"},\"primaryImageOfPage\":{\"@id\":\"https:\/\/marconivieira.com.br\/index.php\/2020\/10\/04\/geracoes-ora-bolas\/#primaryimage\"},\"image\":{\"@id\":\"https:\/\/marconivieira.com.br\/index.php\/2020\/10\/04\/geracoes-ora-bolas\/#primaryimage\"},\"thumbnailUrl\":\"https:\/\/marconivieira.com.br\/wp-content\/uploads\/2020\/10\/IMG-20201004-WA0009-e1601838319895.jpg\",\"datePublished\":\"2020-10-04T19:04:43+00:00\",\"dateModified\":\"2020-10-04T19:05:47+00:00\",\"author\":{\"@id\":\"https:\/\/marconivieira.com.br\/#\/schema\/person\/ecda8bc0143a3594d0d84bb876790b4c\"},\"breadcrumb\":{\"@id\":\"https:\/\/marconivieira.com.br\/index.php\/2020\/10\/04\/geracoes-ora-bolas\/#breadcrumb\"},\"inLanguage\":\"pt-BR\",\"potentialAction\":[{\"@type\":\"ReadAction\",\"target\":[\"https:\/\/marconivieira.com.br\/index.php\/2020\/10\/04\/geracoes-ora-bolas\/\"]}]},{\"@type\":\"ImageObject\",\"inLanguage\":\"pt-BR\",\"@id\":\"https:\/\/marconivieira.com.br\/index.php\/2020\/10\/04\/geracoes-ora-bolas\/#primaryimage\",\"url\":\"https:\/\/marconivieira.com.br\/wp-content\/uploads\/2020\/10\/IMG-20201004-WA0009-e1601838319895.jpg\",\"contentUrl\":\"https:\/\/marconivieira.com.br\/wp-content\/uploads\/2020\/10\/IMG-20201004-WA0009-e1601838319895.jpg\",\"width\":200,\"height\":131},{\"@type\":\"BreadcrumbList\",\"@id\":\"https:\/\/marconivieira.com.br\/index.php\/2020\/10\/04\/geracoes-ora-bolas\/#breadcrumb\",\"itemListElement\":[{\"@type\":\"ListItem\",\"position\":1,\"name\":\"In\u00edcio\",\"item\":\"https:\/\/marconivieira.com.br\/\"},{\"@type\":\"ListItem\",\"position\":2,\"name\":\"Gera\u00e7\u00f5es: ora bolas!\"}]},{\"@type\":\"WebSite\",\"@id\":\"https:\/\/marconivieira.com.br\/#website\",\"url\":\"https:\/\/marconivieira.com.br\/\",\"name\":\"Marconi Fabio Vieira, PMP\",\"description\":\"Livros e Artigos que Edificam\",\"potentialAction\":[{\"@type\":\"SearchAction\",\"target\":{\"@type\":\"EntryPoint\",\"urlTemplate\":\"https:\/\/marconivieira.com.br\/?s={search_term_string}\"},\"query-input\":{\"@type\":\"PropertyValueSpecification\",\"valueRequired\":true,\"valueName\":\"search_term_string\"}}],\"inLanguage\":\"pt-BR\"},{\"@type\":\"Person\",\"@id\":\"https:\/\/marconivieira.com.br\/#\/schema\/person\/ecda8bc0143a3594d0d84bb876790b4c\",\"name\":\"marconivieira\",\"image\":{\"@type\":\"ImageObject\",\"inLanguage\":\"pt-BR\",\"@id\":\"https:\/\/marconivieira.com.br\/#\/schema\/person\/image\/\",\"url\":\"https:\/\/secure.gravatar.com\/avatar\/87e78cc6508dce8559a41de4d1bc77be10e5bf347e873fa9c483811e38b5b190?s=96&d=mm&r=g\",\"contentUrl\":\"https:\/\/secure.gravatar.com\/avatar\/87e78cc6508dce8559a41de4d1bc77be10e5bf347e873fa9c483811e38b5b190?s=96&d=mm&r=g\",\"caption\":\"marconivieira\"},\"sameAs\":[\"https:\/\/marconivieira.com.br\"],\"url\":\"https:\/\/marconivieira.com.br\/index.php\/author\/marconivieira\/\"}]}<\/script>\n<!-- \/ Yoast SEO plugin. -->","yoast_head_json":{"title":"Gera\u00e7\u00f5es: ora bolas! - Marconi Fabio Vieira, PMP","robots":{"index":"index","follow":"follow","max-snippet":"max-snippet:-1","max-image-preview":"max-image-preview:large","max-video-preview":"max-video-preview:-1"},"canonical":"https:\/\/marconivieira.com.br\/index.php\/2020\/10\/04\/geracoes-ora-bolas\/","og_locale":"pt_BR","og_type":"article","og_title":"Gera\u00e7\u00f5es: ora bolas! - Marconi Fabio Vieira, PMP","og_description":"Por Francisco Sacramento Existem momentos em que me recordo de \u00c9rico Ver\u00edssimo em \u201cO tempo e o vento\u201d e de Honor\u00e9 de Balzac em \u201cA com\u00e9dia humana\u201d pois ambos, em \u00e9pocas distintas e distantes, se debru\u00e7aram e tra\u00e7aram suas considera\u00e7\u00f5es sobre o comportamento do homem, esse ser considerado o \u201crei supremo\u201d do mundo animal, mas [&hellip;]","og_url":"https:\/\/marconivieira.com.br\/index.php\/2020\/10\/04\/geracoes-ora-bolas\/","og_site_name":"Marconi Fabio Vieira, PMP","article_published_time":"2020-10-04T19:04:43+00:00","article_modified_time":"2020-10-04T19:05:47+00:00","og_image":[{"width":200,"height":131,"url":"https:\/\/marconivieira.com.br\/wp-content\/uploads\/2020\/10\/IMG-20201004-WA0009-e1601838319895.jpg","type":"image\/jpeg"}],"author":"marconivieira","twitter_card":"summary_large_image","twitter_misc":{"Escrito por":"marconivieira","Est. tempo de leitura":"3 minutos"},"schema":{"@context":"https:\/\/schema.org","@graph":[{"@type":"WebPage","@id":"https:\/\/marconivieira.com.br\/index.php\/2020\/10\/04\/geracoes-ora-bolas\/","url":"https:\/\/marconivieira.com.br\/index.php\/2020\/10\/04\/geracoes-ora-bolas\/","name":"Gera\u00e7\u00f5es: ora bolas! - Marconi Fabio Vieira, PMP","isPartOf":{"@id":"https:\/\/marconivieira.com.br\/#website"},"primaryImageOfPage":{"@id":"https:\/\/marconivieira.com.br\/index.php\/2020\/10\/04\/geracoes-ora-bolas\/#primaryimage"},"image":{"@id":"https:\/\/marconivieira.com.br\/index.php\/2020\/10\/04\/geracoes-ora-bolas\/#primaryimage"},"thumbnailUrl":"https:\/\/marconivieira.com.br\/wp-content\/uploads\/2020\/10\/IMG-20201004-WA0009-e1601838319895.jpg","datePublished":"2020-10-04T19:04:43+00:00","dateModified":"2020-10-04T19:05:47+00:00","author":{"@id":"https:\/\/marconivieira.com.br\/#\/schema\/person\/ecda8bc0143a3594d0d84bb876790b4c"},"breadcrumb":{"@id":"https:\/\/marconivieira.com.br\/index.php\/2020\/10\/04\/geracoes-ora-bolas\/#breadcrumb"},"inLanguage":"pt-BR","potentialAction":[{"@type":"ReadAction","target":["https:\/\/marconivieira.com.br\/index.php\/2020\/10\/04\/geracoes-ora-bolas\/"]}]},{"@type":"ImageObject","inLanguage":"pt-BR","@id":"https:\/\/marconivieira.com.br\/index.php\/2020\/10\/04\/geracoes-ora-bolas\/#primaryimage","url":"https:\/\/marconivieira.com.br\/wp-content\/uploads\/2020\/10\/IMG-20201004-WA0009-e1601838319895.jpg","contentUrl":"https:\/\/marconivieira.com.br\/wp-content\/uploads\/2020\/10\/IMG-20201004-WA0009-e1601838319895.jpg","width":200,"height":131},{"@type":"BreadcrumbList","@id":"https:\/\/marconivieira.com.br\/index.php\/2020\/10\/04\/geracoes-ora-bolas\/#breadcrumb","itemListElement":[{"@type":"ListItem","position":1,"name":"In\u00edcio","item":"https:\/\/marconivieira.com.br\/"},{"@type":"ListItem","position":2,"name":"Gera\u00e7\u00f5es: ora bolas!"}]},{"@type":"WebSite","@id":"https:\/\/marconivieira.com.br\/#website","url":"https:\/\/marconivieira.com.br\/","name":"Marconi Fabio Vieira, PMP","description":"Livros e Artigos que Edificam","potentialAction":[{"@type":"SearchAction","target":{"@type":"EntryPoint","urlTemplate":"https:\/\/marconivieira.com.br\/?s={search_term_string}"},"query-input":{"@type":"PropertyValueSpecification","valueRequired":true,"valueName":"search_term_string"}}],"inLanguage":"pt-BR"},{"@type":"Person","@id":"https:\/\/marconivieira.com.br\/#\/schema\/person\/ecda8bc0143a3594d0d84bb876790b4c","name":"marconivieira","image":{"@type":"ImageObject","inLanguage":"pt-BR","@id":"https:\/\/marconivieira.com.br\/#\/schema\/person\/image\/","url":"https:\/\/secure.gravatar.com\/avatar\/87e78cc6508dce8559a41de4d1bc77be10e5bf347e873fa9c483811e38b5b190?s=96&d=mm&r=g","contentUrl":"https:\/\/secure.gravatar.com\/avatar\/87e78cc6508dce8559a41de4d1bc77be10e5bf347e873fa9c483811e38b5b190?s=96&d=mm&r=g","caption":"marconivieira"},"sameAs":["https:\/\/marconivieira.com.br"],"url":"https:\/\/marconivieira.com.br\/index.php\/author\/marconivieira\/"}]}},"_links":{"self":[{"href":"https:\/\/marconivieira.com.br\/index.php\/wp-json\/wp\/v2\/posts\/421","targetHints":{"allow":["GET"]}}],"collection":[{"href":"https:\/\/marconivieira.com.br\/index.php\/wp-json\/wp\/v2\/posts"}],"about":[{"href":"https:\/\/marconivieira.com.br\/index.php\/wp-json\/wp\/v2\/types\/post"}],"author":[{"embeddable":true,"href":"https:\/\/marconivieira.com.br\/index.php\/wp-json\/wp\/v2\/users\/1"}],"replies":[{"embeddable":true,"href":"https:\/\/marconivieira.com.br\/index.php\/wp-json\/wp\/v2\/comments?post=421"}],"version-history":[{"count":2,"href":"https:\/\/marconivieira.com.br\/index.php\/wp-json\/wp\/v2\/posts\/421\/revisions"}],"predecessor-version":[{"id":423,"href":"https:\/\/marconivieira.com.br\/index.php\/wp-json\/wp\/v2\/posts\/421\/revisions\/423"}],"wp:featuredmedia":[{"embeddable":true,"href":"https:\/\/marconivieira.com.br\/index.php\/wp-json\/wp\/v2\/media\/415"}],"wp:attachment":[{"href":"https:\/\/marconivieira.com.br\/index.php\/wp-json\/wp\/v2\/media?parent=421"}],"wp:term":[{"taxonomy":"category","embeddable":true,"href":"https:\/\/marconivieira.com.br\/index.php\/wp-json\/wp\/v2\/categories?post=421"},{"taxonomy":"post_tag","embeddable":true,"href":"https:\/\/marconivieira.com.br\/index.php\/wp-json\/wp\/v2\/tags?post=421"}],"curies":[{"name":"wp","href":"https:\/\/api.w.org\/{rel}","templated":true}]}}