{"id":491,"date":"2025-02-20T14:40:34","date_gmt":"2025-02-20T17:40:34","guid":{"rendered":"https:\/\/marconivieira.com.br\/?p=491"},"modified":"2025-02-24T01:08:23","modified_gmt":"2025-02-24T04:08:23","slug":"a-ladeira-escorregadia-do-darwinismo-teista-os-tristes-casos-de-howard-van-till-e-karl-giberson","status":"publish","type":"post","link":"https:\/\/marconivieira.com.br\/index.php\/2025\/02\/20\/a-ladeira-escorregadia-do-darwinismo-teista-os-tristes-casos-de-howard-van-till-e-karl-giberson\/","title":{"rendered":"A Ladeira Escorregadia do Darwinismo Te\u00edsta: Os Tristes Casos de Howard Van Till e Karl Giberson"},"content":{"rendered":"<p data-start=\"45\" data-end=\"190\"><strong data-start=\"148\" data-end=\"164\">John G. West<\/strong><br data-start=\"164\" data-end=\"167\" \/>4 de fevereiro de 2025.<\/p>\n<p data-start=\"192\" data-end=\"253\">Cr\u00e9ditos da foto: Rememberdefcow, CC0, via Wikimedia Commons.<\/p>\n<p data-start=\"255\" data-end=\"456\">Nota do editor: Este artigo \u00e9 adaptado de <em data-start=\"297\" data-end=\"395\">Stockholm Syndrome Christianity: Why Christian Leaders Are Failing \u2014 and What We Can Do About It<\/em>, de John West, rec\u00e9m-lan\u00e7ado pela Discovery Institute Press.<\/p>\n<p data-start=\"458\" data-end=\"628\">Nos primeiros anos do movimento do design inteligente, um dos cr\u00edticos mais significativos do ID entre os acad\u00eamicos crist\u00e3os evang\u00e9licos foi Howard Van Till (1938-2024).<\/p>\n<p data-start=\"630\" data-end=\"931\">Professor de f\u00edsica no Calvin College (a capela do campus est\u00e1 retratada acima), Van Till foi o exemplo preeminente de um cientista crist\u00e3o evang\u00e9lico na d\u00e9cada de 1990 que defendia a evolu\u00e7\u00e3o darwiniana. Van Till ainda \u00e9 citado por alguns como exemplo de como um crist\u00e3o ortodoxo pode abra\u00e7ar Darwin.<\/p>\n<p data-start=\"933\" data-end=\"1083\">O problema \u00e9 que, depois de se aposentar de Calvin, Van Till evoluiu bem al\u00e9m do cristianismo. De fato, ele eventualmente evoluiu para al\u00e9m do te\u00edsmo.<\/p>\n<p data-start=\"1085\" data-end=\"1452\">Em 2006, Van Till declarou-se um livre-pensador. Em 2016, ele se identificava com o que chamou de \u201cuma vis\u00e3o de mundo naturalista abrangente\u201d, que descrevia como uma cren\u00e7a \u201cde que o universo f\u00edsico \u00e9 a \u00fanica realidade\u2026 e que n\u00e3o depende de um Agente n\u00e3o corp\u00f3reo e semelhante a uma pessoa (o Deus abra\u00e2mico, por exemplo) para lhe dar ser ou para guiar sua evolu\u00e7\u00e3o.\u201d<\/p>\n<p data-start=\"1454\" data-end=\"1937\"><strong data-start=\"1454\" data-end=\"1475\">Um Modelo Crist\u00e3o<\/strong><br data-start=\"1475\" data-end=\"1478\" \/>Um dos cientistas crist\u00e3os que gostava de citar Van Till como modelo para integrar o cristianismo com a evolu\u00e7\u00e3o era Karl Giberson. Tamb\u00e9m f\u00edsico, Giberson foi associado de longa data do geneticista Francis Collins, com quem co-escreveu um livro. Durante muitos anos, Giberson foi professor na Eastern Nazarene University, uma institui\u00e7\u00e3o crist\u00e3 evang\u00e9lica expl\u00edcita. Ele ajudou Francis Collins a iniciar a BioLogos Foundation para promover a evolu\u00e7\u00e3o te\u00edsta.<\/p>\n<p data-start=\"1939\" data-end=\"2052\">Giberson ainda n\u00e3o escorregou t\u00e3o longe quanto Van Till. Mas, infelizmente, ele parece estar na mesma trajet\u00f3ria.<\/p>\n<p data-start=\"2054\" data-end=\"2498\">Em seu livro <em data-start=\"2067\" data-end=\"2082\">Saving Darwin<\/em> (endossado por Collins), Giberson negou o ensinamento crist\u00e3o hist\u00f3rico de que os seres humanos foram originalmente criados bons. Na vis\u00e3o de Giberson, isso n\u00e3o pode ser verdade porque entra em conflito com a evolu\u00e7\u00e3o darwiniana. Segundo ele, a evolu\u00e7\u00e3o \u00e9 impulsionada pelo ego\u00edsmo, ent\u00e3o os seres humanos devem ter sido ego\u00edstas e maus desde o in\u00edcio. Giberson, no entanto, manteve que era um crist\u00e3o comprometido.<\/p>\n<p data-start=\"2500\" data-end=\"2831\">Mas, lendo nas entrelinhas, seus motivos para continuar sendo crist\u00e3o eram um tanto fr\u00e1geis. Ele reconheceu de forma comovente: \u201cMinha cren\u00e7a em Deus est\u00e1 tingida de d\u00favidas e, em meus momentos mais reflexivos, \u00e0s vezes me pergunto se talvez esteja simplesmente seguindo a trajet\u00f3ria de uma f\u00e9 infantil que deveria ser abandonada.\u201d<\/p>\n<p data-start=\"2833\" data-end=\"3621\"><strong data-start=\"2833\" data-end=\"2856\">Uma Escolha Pr\u00e1tica<\/strong><br data-start=\"2856\" data-end=\"2859\" \/>Ent\u00e3o, por que ele continuou sendo crist\u00e3o? \u201cComo uma quest\u00e3o puramente pr\u00e1tica, tenho raz\u00f5es convincentes para acreditar em Deus. Meus pais s\u00e3o crist\u00e3os profundamente comprometidos e ficariam devastados se eu rejeitasse minha f\u00e9. Minha esposa e filhos acreditam em Deus, e n\u00f3s vamos \u00e0 igreja juntos regularmente. A maioria dos meus amigos s\u00e3o crentes. Tenho um trabalho que amo em uma universidade crist\u00e3 que seria for\u00e7ada a me demitir se eu rejeitasse a f\u00e9 que fundamenta a miss\u00e3o da faculdade. Abandonar a cren\u00e7a em Deus seria disruptivo, colocando minha vida completamente fora dos trilhos.\u201d Note que as \u201craz\u00f5es convincentes\u201d do Dr. Giberson para acreditar em Deus eram sociol\u00f3gicas. Elas n\u00e3o diziam respeito a saber se o cristianismo \u00e9 realmente verdadeiro.<\/p>\n<p data-start=\"3623\" data-end=\"4174\">Poucos anos depois de escrever <em data-start=\"3654\" data-end=\"3669\">Saving Darwin<\/em>, Giberson pediu demiss\u00e3o de seu cargo na universidade crist\u00e3 onde lecionava. Em um livro ap\u00f3s sua sa\u00edda, <em data-start=\"3775\" data-end=\"3803\">Saving the Original Sinner<\/em> (2015), Giberson deixou claro que agora considera a B\u00edblia como uma mistura de hist\u00f3rias divergentes de uma tribo espec\u00edfica, em vez de um texto divinamente inspirado com a mensagem autorit\u00e1ria de Deus. Ele acha que, se o cristianismo quiser sobreviver, precisa evoluir: \u201cO cristianismo surgiu em um tempo diferente e deve estar preparado para evoluir como tudo o mais.\u201d<\/p>\n<p data-start=\"4176\" data-end=\"4428\"><strong data-start=\"4176\" data-end=\"4207\">Louv\u00e1vel, mas Decepcionante<\/strong><br data-start=\"4207\" data-end=\"4210\" \/>O livro onde Giberson fez essas afirma\u00e7\u00f5es foi publicado por um bra\u00e7o da Unitarian Universalist Association. Eu estive no mesmo palco com Giberson e interagi com ele em p\u00fablico. Sua franqueza \u00e9 louv\u00e1vel, mas comovente.<\/p>\n<p data-start=\"4430\" data-end=\"4988\">Van Till e Giberson s\u00e3o exemplos do que descrevo em meu novo livro como \u201cCrist\u00e3os com S\u00edndrome de Estocolmo\u201d \u2014 crist\u00e3os que se identificam mais com as vis\u00f5es das elites seculares do que com as vis\u00f5es de seus colegas crentes ou com sua f\u00e9 hist\u00f3rica. O cristianismo com S\u00edndrome de Estocolmo n\u00e3o \u00e9 um lugar muito s\u00f3lido para se firmar. Ele depende fortemente da cultura secular ao redor. Se a cultura continuar a corroer, o crist\u00e3o com S\u00edndrome de Estocolmo tamb\u00e9m o far\u00e1. Por isso, o cristianismo com S\u00edndrome de Estocolmo \u00e9 a proverbial ladeira escorregadia.<\/p>\n<p data-start=\"4430\" data-end=\"4988\">\n<p>Tradu\u00e7\u00e3o volunt\u00e1ria de Marconi Fabio Vieira.<\/p>\n<p>Fonte: https:\/\/evolutionnews.org\/2025\/02\/the-slippery-slope-of-theistic-darwinism-the-sad-cases-of-howard-van-till-and-karl-giberson\/<\/p>\n<p>Cr\u00e9ditos da foto: Rememberdefcow, CC0, via Wikimedia Commons.<\/p>\n","protected":false},"excerpt":{"rendered":"<p>John G. West4 de fevereiro de 2025. Cr\u00e9ditos da foto: Rememberdefcow, CC0, via Wikimedia Commons. Nota do editor: Este artigo \u00e9 adaptado de Stockholm Syndrome Christianity: Why Christian Leaders Are Failing \u2014 and What We Can Do About It, de John West, rec\u00e9m-lan\u00e7ado pela Discovery Institute Press. Nos primeiros anos do movimento do design inteligente, [&hellip;]<\/p>\n","protected":false},"author":1,"featured_media":492,"comment_status":"open","ping_status":"open","sticky":false,"template":"","format":"standard","meta":{"footnotes":""},"categories":[73,167],"tags":[121,124,123,122],"class_list":["post-491","post","type-post","status-publish","format-standard","has-post-thumbnail","hentry","category-ciencia","category-fe_crista_dialogando_com_a_ciencia","tag-cristaos-com-sindrome-de-estocolmo","tag-darwinismo-teista","tag-howard-van-till","tag-karl-giberson"],"yoast_head":"<!-- This site is optimized with the Yoast SEO plugin v24.9 - https:\/\/yoast.com\/wordpress\/plugins\/seo\/ -->\n<title>A Ladeira Escorregadia do Darwinismo Te\u00edsta: Os Tristes Casos de Howard Van Till e Karl Giberson - Marconi Fabio Vieira, PMP<\/title>\n<meta name=\"robots\" content=\"index, follow, max-snippet:-1, max-image-preview:large, max-video-preview:-1\" \/>\n<link rel=\"canonical\" href=\"https:\/\/marconivieira.com.br\/index.php\/2025\/02\/20\/a-ladeira-escorregadia-do-darwinismo-teista-os-tristes-casos-de-howard-van-till-e-karl-giberson\/\" \/>\n<meta property=\"og:locale\" content=\"pt_BR\" \/>\n<meta property=\"og:type\" content=\"article\" \/>\n<meta property=\"og:title\" content=\"A Ladeira Escorregadia do Darwinismo Te\u00edsta: Os Tristes Casos de Howard Van Till e Karl Giberson - Marconi Fabio Vieira, PMP\" \/>\n<meta property=\"og:description\" content=\"John G. West4 de fevereiro de 2025. Cr\u00e9ditos da foto: Rememberdefcow, CC0, via Wikimedia Commons. Nota do editor: Este artigo \u00e9 adaptado de Stockholm Syndrome Christianity: Why Christian Leaders Are Failing \u2014 and What We Can Do About It, de John West, rec\u00e9m-lan\u00e7ado pela Discovery Institute Press. Nos primeiros anos do movimento do design inteligente, [&hellip;]\" \/>\n<meta property=\"og:url\" content=\"https:\/\/marconivieira.com.br\/index.php\/2025\/02\/20\/a-ladeira-escorregadia-do-darwinismo-teista-os-tristes-casos-de-howard-van-till-e-karl-giberson\/\" \/>\n<meta property=\"og:site_name\" content=\"Marconi Fabio Vieira, PMP\" \/>\n<meta property=\"article:published_time\" content=\"2025-02-20T17:40:34+00:00\" \/>\n<meta property=\"article:modified_time\" content=\"2025-02-24T04:08:23+00:00\" \/>\n<meta property=\"og:image\" content=\"https:\/\/marconivieira.com.br\/wp-content\/uploads\/2025\/02\/Calvin_Chapel_and_Hiemenga_Hall-2400x1800-1.jpg\" \/>\n\t<meta property=\"og:image:width\" content=\"300\" \/>\n\t<meta property=\"og:image:height\" content=\"225\" \/>\n\t<meta property=\"og:image:type\" content=\"image\/jpeg\" \/>\n<meta name=\"author\" content=\"marconivieira\" \/>\n<meta name=\"twitter:card\" content=\"summary_large_image\" \/>\n<meta name=\"twitter:label1\" content=\"Escrito por\" \/>\n\t<meta name=\"twitter:data1\" content=\"marconivieira\" \/>\n\t<meta name=\"twitter:label2\" content=\"Est. tempo de leitura\" \/>\n\t<meta name=\"twitter:data2\" content=\"5 minutos\" \/>\n<script type=\"application\/ld+json\" class=\"yoast-schema-graph\">{\"@context\":\"https:\/\/schema.org\",\"@graph\":[{\"@type\":\"WebPage\",\"@id\":\"https:\/\/marconivieira.com.br\/index.php\/2025\/02\/20\/a-ladeira-escorregadia-do-darwinismo-teista-os-tristes-casos-de-howard-van-till-e-karl-giberson\/\",\"url\":\"https:\/\/marconivieira.com.br\/index.php\/2025\/02\/20\/a-ladeira-escorregadia-do-darwinismo-teista-os-tristes-casos-de-howard-van-till-e-karl-giberson\/\",\"name\":\"A Ladeira Escorregadia do Darwinismo Te\u00edsta: Os Tristes Casos de Howard Van Till e Karl Giberson - Marconi Fabio Vieira, PMP\",\"isPartOf\":{\"@id\":\"https:\/\/marconivieira.com.br\/#website\"},\"primaryImageOfPage\":{\"@id\":\"https:\/\/marconivieira.com.br\/index.php\/2025\/02\/20\/a-ladeira-escorregadia-do-darwinismo-teista-os-tristes-casos-de-howard-van-till-e-karl-giberson\/#primaryimage\"},\"image\":{\"@id\":\"https:\/\/marconivieira.com.br\/index.php\/2025\/02\/20\/a-ladeira-escorregadia-do-darwinismo-teista-os-tristes-casos-de-howard-van-till-e-karl-giberson\/#primaryimage\"},\"thumbnailUrl\":\"https:\/\/marconivieira.com.br\/wp-content\/uploads\/2025\/02\/Calvin_Chapel_and_Hiemenga_Hall-2400x1800-1.jpg\",\"datePublished\":\"2025-02-20T17:40:34+00:00\",\"dateModified\":\"2025-02-24T04:08:23+00:00\",\"author\":{\"@id\":\"https:\/\/marconivieira.com.br\/#\/schema\/person\/ecda8bc0143a3594d0d84bb876790b4c\"},\"breadcrumb\":{\"@id\":\"https:\/\/marconivieira.com.br\/index.php\/2025\/02\/20\/a-ladeira-escorregadia-do-darwinismo-teista-os-tristes-casos-de-howard-van-till-e-karl-giberson\/#breadcrumb\"},\"inLanguage\":\"pt-BR\",\"potentialAction\":[{\"@type\":\"ReadAction\",\"target\":[\"https:\/\/marconivieira.com.br\/index.php\/2025\/02\/20\/a-ladeira-escorregadia-do-darwinismo-teista-os-tristes-casos-de-howard-van-till-e-karl-giberson\/\"]}]},{\"@type\":\"ImageObject\",\"inLanguage\":\"pt-BR\",\"@id\":\"https:\/\/marconivieira.com.br\/index.php\/2025\/02\/20\/a-ladeira-escorregadia-do-darwinismo-teista-os-tristes-casos-de-howard-van-till-e-karl-giberson\/#primaryimage\",\"url\":\"https:\/\/marconivieira.com.br\/wp-content\/uploads\/2025\/02\/Calvin_Chapel_and_Hiemenga_Hall-2400x1800-1.jpg\",\"contentUrl\":\"https:\/\/marconivieira.com.br\/wp-content\/uploads\/2025\/02\/Calvin_Chapel_and_Hiemenga_Hall-2400x1800-1.jpg\",\"width\":300,\"height\":225},{\"@type\":\"BreadcrumbList\",\"@id\":\"https:\/\/marconivieira.com.br\/index.php\/2025\/02\/20\/a-ladeira-escorregadia-do-darwinismo-teista-os-tristes-casos-de-howard-van-till-e-karl-giberson\/#breadcrumb\",\"itemListElement\":[{\"@type\":\"ListItem\",\"position\":1,\"name\":\"In\u00edcio\",\"item\":\"https:\/\/marconivieira.com.br\/\"},{\"@type\":\"ListItem\",\"position\":2,\"name\":\"A Ladeira Escorregadia do Darwinismo Te\u00edsta: Os Tristes Casos de Howard Van Till e Karl Giberson\"}]},{\"@type\":\"WebSite\",\"@id\":\"https:\/\/marconivieira.com.br\/#website\",\"url\":\"https:\/\/marconivieira.com.br\/\",\"name\":\"Marconi Fabio Vieira, PMP\",\"description\":\"Livros e Artigos que Edificam\",\"potentialAction\":[{\"@type\":\"SearchAction\",\"target\":{\"@type\":\"EntryPoint\",\"urlTemplate\":\"https:\/\/marconivieira.com.br\/?s={search_term_string}\"},\"query-input\":{\"@type\":\"PropertyValueSpecification\",\"valueRequired\":true,\"valueName\":\"search_term_string\"}}],\"inLanguage\":\"pt-BR\"},{\"@type\":\"Person\",\"@id\":\"https:\/\/marconivieira.com.br\/#\/schema\/person\/ecda8bc0143a3594d0d84bb876790b4c\",\"name\":\"marconivieira\",\"image\":{\"@type\":\"ImageObject\",\"inLanguage\":\"pt-BR\",\"@id\":\"https:\/\/marconivieira.com.br\/#\/schema\/person\/image\/\",\"url\":\"https:\/\/secure.gravatar.com\/avatar\/87e78cc6508dce8559a41de4d1bc77be10e5bf347e873fa9c483811e38b5b190?s=96&d=mm&r=g\",\"contentUrl\":\"https:\/\/secure.gravatar.com\/avatar\/87e78cc6508dce8559a41de4d1bc77be10e5bf347e873fa9c483811e38b5b190?s=96&d=mm&r=g\",\"caption\":\"marconivieira\"},\"sameAs\":[\"https:\/\/marconivieira.com.br\"],\"url\":\"https:\/\/marconivieira.com.br\/index.php\/author\/marconivieira\/\"}]}<\/script>\n<!-- \/ Yoast SEO plugin. -->","yoast_head_json":{"title":"A Ladeira Escorregadia do Darwinismo Te\u00edsta: Os Tristes Casos de Howard Van Till e Karl Giberson - Marconi Fabio Vieira, PMP","robots":{"index":"index","follow":"follow","max-snippet":"max-snippet:-1","max-image-preview":"max-image-preview:large","max-video-preview":"max-video-preview:-1"},"canonical":"https:\/\/marconivieira.com.br\/index.php\/2025\/02\/20\/a-ladeira-escorregadia-do-darwinismo-teista-os-tristes-casos-de-howard-van-till-e-karl-giberson\/","og_locale":"pt_BR","og_type":"article","og_title":"A Ladeira Escorregadia do Darwinismo Te\u00edsta: Os Tristes Casos de Howard Van Till e Karl Giberson - Marconi Fabio Vieira, PMP","og_description":"John G. West4 de fevereiro de 2025. Cr\u00e9ditos da foto: Rememberdefcow, CC0, via Wikimedia Commons. Nota do editor: Este artigo \u00e9 adaptado de Stockholm Syndrome Christianity: Why Christian Leaders Are Failing \u2014 and What We Can Do About It, de John West, rec\u00e9m-lan\u00e7ado pela Discovery Institute Press. Nos primeiros anos do movimento do design inteligente, [&hellip;]","og_url":"https:\/\/marconivieira.com.br\/index.php\/2025\/02\/20\/a-ladeira-escorregadia-do-darwinismo-teista-os-tristes-casos-de-howard-van-till-e-karl-giberson\/","og_site_name":"Marconi Fabio Vieira, PMP","article_published_time":"2025-02-20T17:40:34+00:00","article_modified_time":"2025-02-24T04:08:23+00:00","og_image":[{"width":300,"height":225,"url":"https:\/\/marconivieira.com.br\/wp-content\/uploads\/2025\/02\/Calvin_Chapel_and_Hiemenga_Hall-2400x1800-1.jpg","type":"image\/jpeg"}],"author":"marconivieira","twitter_card":"summary_large_image","twitter_misc":{"Escrito por":"marconivieira","Est. tempo de leitura":"5 minutos"},"schema":{"@context":"https:\/\/schema.org","@graph":[{"@type":"WebPage","@id":"https:\/\/marconivieira.com.br\/index.php\/2025\/02\/20\/a-ladeira-escorregadia-do-darwinismo-teista-os-tristes-casos-de-howard-van-till-e-karl-giberson\/","url":"https:\/\/marconivieira.com.br\/index.php\/2025\/02\/20\/a-ladeira-escorregadia-do-darwinismo-teista-os-tristes-casos-de-howard-van-till-e-karl-giberson\/","name":"A Ladeira Escorregadia do Darwinismo Te\u00edsta: Os Tristes Casos de Howard Van Till e Karl Giberson - Marconi Fabio Vieira, PMP","isPartOf":{"@id":"https:\/\/marconivieira.com.br\/#website"},"primaryImageOfPage":{"@id":"https:\/\/marconivieira.com.br\/index.php\/2025\/02\/20\/a-ladeira-escorregadia-do-darwinismo-teista-os-tristes-casos-de-howard-van-till-e-karl-giberson\/#primaryimage"},"image":{"@id":"https:\/\/marconivieira.com.br\/index.php\/2025\/02\/20\/a-ladeira-escorregadia-do-darwinismo-teista-os-tristes-casos-de-howard-van-till-e-karl-giberson\/#primaryimage"},"thumbnailUrl":"https:\/\/marconivieira.com.br\/wp-content\/uploads\/2025\/02\/Calvin_Chapel_and_Hiemenga_Hall-2400x1800-1.jpg","datePublished":"2025-02-20T17:40:34+00:00","dateModified":"2025-02-24T04:08:23+00:00","author":{"@id":"https:\/\/marconivieira.com.br\/#\/schema\/person\/ecda8bc0143a3594d0d84bb876790b4c"},"breadcrumb":{"@id":"https:\/\/marconivieira.com.br\/index.php\/2025\/02\/20\/a-ladeira-escorregadia-do-darwinismo-teista-os-tristes-casos-de-howard-van-till-e-karl-giberson\/#breadcrumb"},"inLanguage":"pt-BR","potentialAction":[{"@type":"ReadAction","target":["https:\/\/marconivieira.com.br\/index.php\/2025\/02\/20\/a-ladeira-escorregadia-do-darwinismo-teista-os-tristes-casos-de-howard-van-till-e-karl-giberson\/"]}]},{"@type":"ImageObject","inLanguage":"pt-BR","@id":"https:\/\/marconivieira.com.br\/index.php\/2025\/02\/20\/a-ladeira-escorregadia-do-darwinismo-teista-os-tristes-casos-de-howard-van-till-e-karl-giberson\/#primaryimage","url":"https:\/\/marconivieira.com.br\/wp-content\/uploads\/2025\/02\/Calvin_Chapel_and_Hiemenga_Hall-2400x1800-1.jpg","contentUrl":"https:\/\/marconivieira.com.br\/wp-content\/uploads\/2025\/02\/Calvin_Chapel_and_Hiemenga_Hall-2400x1800-1.jpg","width":300,"height":225},{"@type":"BreadcrumbList","@id":"https:\/\/marconivieira.com.br\/index.php\/2025\/02\/20\/a-ladeira-escorregadia-do-darwinismo-teista-os-tristes-casos-de-howard-van-till-e-karl-giberson\/#breadcrumb","itemListElement":[{"@type":"ListItem","position":1,"name":"In\u00edcio","item":"https:\/\/marconivieira.com.br\/"},{"@type":"ListItem","position":2,"name":"A Ladeira Escorregadia do Darwinismo Te\u00edsta: Os Tristes Casos de Howard Van Till e Karl Giberson"}]},{"@type":"WebSite","@id":"https:\/\/marconivieira.com.br\/#website","url":"https:\/\/marconivieira.com.br\/","name":"Marconi Fabio Vieira, PMP","description":"Livros e Artigos que Edificam","potentialAction":[{"@type":"SearchAction","target":{"@type":"EntryPoint","urlTemplate":"https:\/\/marconivieira.com.br\/?s={search_term_string}"},"query-input":{"@type":"PropertyValueSpecification","valueRequired":true,"valueName":"search_term_string"}}],"inLanguage":"pt-BR"},{"@type":"Person","@id":"https:\/\/marconivieira.com.br\/#\/schema\/person\/ecda8bc0143a3594d0d84bb876790b4c","name":"marconivieira","image":{"@type":"ImageObject","inLanguage":"pt-BR","@id":"https:\/\/marconivieira.com.br\/#\/schema\/person\/image\/","url":"https:\/\/secure.gravatar.com\/avatar\/87e78cc6508dce8559a41de4d1bc77be10e5bf347e873fa9c483811e38b5b190?s=96&d=mm&r=g","contentUrl":"https:\/\/secure.gravatar.com\/avatar\/87e78cc6508dce8559a41de4d1bc77be10e5bf347e873fa9c483811e38b5b190?s=96&d=mm&r=g","caption":"marconivieira"},"sameAs":["https:\/\/marconivieira.com.br"],"url":"https:\/\/marconivieira.com.br\/index.php\/author\/marconivieira\/"}]}},"_links":{"self":[{"href":"https:\/\/marconivieira.com.br\/index.php\/wp-json\/wp\/v2\/posts\/491","targetHints":{"allow":["GET"]}}],"collection":[{"href":"https:\/\/marconivieira.com.br\/index.php\/wp-json\/wp\/v2\/posts"}],"about":[{"href":"https:\/\/marconivieira.com.br\/index.php\/wp-json\/wp\/v2\/types\/post"}],"author":[{"embeddable":true,"href":"https:\/\/marconivieira.com.br\/index.php\/wp-json\/wp\/v2\/users\/1"}],"replies":[{"embeddable":true,"href":"https:\/\/marconivieira.com.br\/index.php\/wp-json\/wp\/v2\/comments?post=491"}],"version-history":[{"count":1,"href":"https:\/\/marconivieira.com.br\/index.php\/wp-json\/wp\/v2\/posts\/491\/revisions"}],"predecessor-version":[{"id":493,"href":"https:\/\/marconivieira.com.br\/index.php\/wp-json\/wp\/v2\/posts\/491\/revisions\/493"}],"wp:featuredmedia":[{"embeddable":true,"href":"https:\/\/marconivieira.com.br\/index.php\/wp-json\/wp\/v2\/media\/492"}],"wp:attachment":[{"href":"https:\/\/marconivieira.com.br\/index.php\/wp-json\/wp\/v2\/media?parent=491"}],"wp:term":[{"taxonomy":"category","embeddable":true,"href":"https:\/\/marconivieira.com.br\/index.php\/wp-json\/wp\/v2\/categories?post=491"},{"taxonomy":"post_tag","embeddable":true,"href":"https:\/\/marconivieira.com.br\/index.php\/wp-json\/wp\/v2\/tags?post=491"}],"curies":[{"name":"wp","href":"https:\/\/api.w.org\/{rel}","templated":true}]}}