{"id":553,"date":"2025-02-26T13:05:25","date_gmt":"2025-02-26T16:05:25","guid":{"rendered":"https:\/\/marconivieira.com.br\/?p=553"},"modified":"2025-02-26T13:06:16","modified_gmt":"2025-02-26T16:06:16","slug":"que-sao-mentes-e-onde-voce-as-encontrara","status":"publish","type":"post","link":"https:\/\/marconivieira.com.br\/index.php\/2025\/02\/26\/que-sao-mentes-e-onde-voce-as-encontrara\/","title":{"rendered":"Que S\u00e3o Mentes e Onde Voc\u00ea as Encontrar\u00e1?"},"content":{"rendered":"<p data-start=\"90\" data-end=\"111\"><strong data-start=\"90\" data-end=\"109\">Por Philip Ball<\/strong><\/p>\n<p data-start=\"113\" data-end=\"773\">26\/10\/2022<\/p>\n<p data-start=\"113\" data-end=\"773\">A mente \u00e9 um conceito elusivo, que tem perplexado os maiores pensadores do mundo desde tempos imemoriais. A mente \u00e9 fundamentalmente material, imaterial ou algo entre esses dois extremos? Fil\u00f3sofos, psic\u00f3logos e neurocientistas ofereceram muitas explica\u00e7\u00f5es diferentes, mas essas frequentemente sofrem com uma terminologia excessivamente t\u00e9cnica e uma especializa\u00e7\u00e3o extrema. O escritor cient\u00edfico Philip Ball apresenta uma an\u00e1lise perspicaz e acess\u00edvel sobre as mentes, onde quer que possamos encontr\u00e1-las, incluindo em humanos, animais n\u00e3o humanos, m\u00e1quinas e extraterrestres. O trecho a seguir oferece uma amostra do que voc\u00ea encontrar\u00e1 em seu novo livro.<\/p>\n<p data-start=\"775\" data-end=\"1935\">Existe alguma ess\u00eancia que todas as mentes compartilham? Se eu tivesse que escolher uma caracter\u00edstica central que define a mente, seria esta: uma mente busca o que \u00e9 significativo para ela no universo. Pois aqui est\u00e1 a verdade estranha, mas inevit\u00e1vel, sobre a natureza da realidade: ela n\u00e3o possui uma forma \u00fanica, mas precisa ser interpretada, filtrada e avaliada. Tenho procurado enfatizar que o que a mente humana percebe n\u00e3o \u00e9 \u201co mundo\u201d, mas sim uma representa\u00e7\u00e3o interna dele que nos \u00e9 \u00fatil. N\u00e3o vemos o calor (a radia\u00e7\u00e3o infravermelha de objetos quentes), embora possamos senti-lo se estivermos pr\u00f3ximos o suficiente da fonte (que pode ser o corpo de outra pessoa). N\u00e3o conseguimos ver raios X. N\u00e3o possu\u00edmos um aparato biol\u00f3gico que nos permita enxergar \u00e1tomos, ou mesmo bact\u00e9rias. Nossa janela sensorial para o mundo, e a representa\u00e7\u00e3o que criamos a partir dela, \u00e9 mais restringida pela evolu\u00e7\u00e3o do que pelas leis f\u00edsicas. A capacidade de enxergar micr\u00f3bios (pelo menos) com \u201colhos de microsc\u00f3pio\u201d n\u00e3o \u00e9 proibida pelas leis da \u00f3ptica, e pode-se imaginar que, em certas situa\u00e7\u00f5es, seria \u00fatil \u2014 mas, aparentemente, n\u00e3o valia o investimento evolutivo.<\/p>\n<p data-start=\"1937\" data-end=\"2685\">Nossa informa\u00e7\u00e3o significativa, nossa realidade pessoal, \u00e9 selecionada a partir de um vasto conjunto de elementos que est\u00e3o \u201cl\u00e1 fora\u201d \u2014 n\u00e3o de maneira arbitr\u00e1ria, mas de um modo que se alinha suficientemente com o que o mundo f\u00edsico cont\u00e9m, permitindo-nos sobreviver, prosperar e nos reproduzir dentro dele. Como vimos anteriormente, mesmo o que nossa mente percebe \u00e9 apenas um subconjunto do que nosso aparato sensorial registra \u2014 filtrado, moldado e integrado de acordo com o que \u00e9 \u00fatil como base para o comportamento. Al\u00e9m disso, nossas mentes atribuem valor a essa informa\u00e7\u00e3o: o que \u00e9 mais significativo (por ser mais \u00fatil) recebe maior valor para n\u00f3s. Giulio Tononi e Gerald Edelman sugerem que essa escala de valores \u00e9 criada pelas emo\u00e7\u00f5es.<\/p>\n<p data-start=\"2687\" data-end=\"3140\">O processo de sele\u00e7\u00e3o dos est\u00edmulos sensoriais \u00e9 ampliado pela conjectura. De fato, nosso mundo mental \u00e9, em grande parte, conjectural: ele \u00e9, na verdade, mais vasto do que nosso mundo perceptivo, pois inclui coisas que sabemos que aconteceram, mas que n\u00e3o estamos mais experienciando, e coisas que sabemos que existem e est\u00e3o ocorrendo fora do nosso campo de vis\u00e3o (mas n\u00e3o fora de nossa mente). Emily Dickinson expressou isso de maneira maravilhosa:<\/p>\n<p data-start=\"3142\" data-end=\"3288\"><strong data-start=\"3142\" data-end=\"3182\">O c\u00e9rebro \u2014 \u00e9 mais vasto que o c\u00e9u \u2014<\/strong><br data-start=\"3182\" data-end=\"3185\" \/><strong data-start=\"3185\" data-end=\"3219\">Pois \u2014 colocados lado a lado \u2014<\/strong><br data-start=\"3219\" data-end=\"3222\" \/><strong data-start=\"3222\" data-end=\"3244\">Um conter\u00e1 o outro<\/strong><br data-start=\"3244\" data-end=\"3247\" \/><strong data-start=\"3247\" data-end=\"3286\">Com facilidade \u2014 e a voc\u00ea \u2014 tamb\u00e9m.<\/strong><\/p>\n<p data-start=\"3290\" data-end=\"3745\">Essa \u00e9, portanto, uma forma de pensar sobre o que realmente \u00e9 a mente: um processo pelo qual a natureza bruta \u00e9 dotada de valor. Quando os cientistas dizem (como alguns, temo, tendem a fazer) que o universo parece desprovido de prop\u00f3sito, eles est\u00e3o cometendo um erro de categoria. O universo em si n\u00e3o \u00e9 o lugar certo para se procurar por significado, por um prop\u00f3sito para a exist\u00eancia. Em vez disso, olhe para as mentes, que criam universos pr\u00f3prios.<\/p>\n<p>Refer\u00eancia:<\/p>\n<p>BALL, Philip.<em> The Book of Minds: How to Understand Ourselves and Other Beings, from Animals to Al to Aliens<\/em>. University of Chicago Press, 2022.<\/p>\n<p data-start=\"3290\" data-end=\"3745\">Tradu\u00e7\u00e3o volunt\u00e1ria de Marconi Fabio Vieira.<\/p>\n<p data-start=\"3290\" data-end=\"3745\">Fonte: https:\/\/www.templeton.org\/news\/what-are-minds-and-where-will-you-find-them<\/p>\n","protected":false},"excerpt":{"rendered":"<p>Por Philip Ball 26\/10\/2022 A mente \u00e9 um conceito elusivo, que tem perplexado os maiores pensadores do mundo desde tempos imemoriais. A mente \u00e9 fundamentalmente material, imaterial ou algo entre esses dois extremos? Fil\u00f3sofos, psic\u00f3logos e neurocientistas ofereceram muitas explica\u00e7\u00f5es diferentes, mas essas frequentemente sofrem com uma terminologia excessivamente t\u00e9cnica e uma especializa\u00e7\u00e3o extrema. O [&hellip;]<\/p>\n","protected":false},"author":1,"featured_media":554,"comment_status":"open","ping_status":"open","sticky":false,"template":"","format":"standard","meta":{"footnotes":""},"categories":[73,166],"tags":[201,202,200,76],"class_list":["post-553","post","type-post","status-publish","format-standard","has-post-thumbnail","hentry","category-ciencia","category-neurociencia","tag-cerebro","tag-cientistas","tag-mentes","tag-universo"],"yoast_head":"<!-- This site is optimized with the Yoast SEO plugin v24.9 - https:\/\/yoast.com\/wordpress\/plugins\/seo\/ -->\n<title>Que S\u00e3o Mentes e Onde Voc\u00ea as Encontrar\u00e1? - Marconi Fabio Vieira, PMP<\/title>\n<meta name=\"robots\" content=\"index, follow, max-snippet:-1, max-image-preview:large, max-video-preview:-1\" \/>\n<link rel=\"canonical\" href=\"https:\/\/marconivieira.com.br\/index.php\/2025\/02\/26\/que-sao-mentes-e-onde-voce-as-encontrara\/\" \/>\n<meta property=\"og:locale\" content=\"pt_BR\" \/>\n<meta property=\"og:type\" content=\"article\" \/>\n<meta property=\"og:title\" content=\"Que S\u00e3o Mentes e Onde Voc\u00ea as Encontrar\u00e1? - Marconi Fabio Vieira, PMP\" \/>\n<meta property=\"og:description\" content=\"Por Philip Ball 26\/10\/2022 A mente \u00e9 um conceito elusivo, que tem perplexado os maiores pensadores do mundo desde tempos imemoriais. A mente \u00e9 fundamentalmente material, imaterial ou algo entre esses dois extremos? Fil\u00f3sofos, psic\u00f3logos e neurocientistas ofereceram muitas explica\u00e7\u00f5es diferentes, mas essas frequentemente sofrem com uma terminologia excessivamente t\u00e9cnica e uma especializa\u00e7\u00e3o extrema. O [&hellip;]\" \/>\n<meta property=\"og:url\" content=\"https:\/\/marconivieira.com.br\/index.php\/2025\/02\/26\/que-sao-mentes-e-onde-voce-as-encontrara\/\" \/>\n<meta property=\"og:site_name\" content=\"Marconi Fabio Vieira, PMP\" \/>\n<meta property=\"article:published_time\" content=\"2025-02-26T16:05:25+00:00\" \/>\n<meta property=\"article:modified_time\" content=\"2025-02-26T16:06:16+00:00\" \/>\n<meta property=\"og:image\" content=\"https:\/\/marconivieira.com.br\/wp-content\/uploads\/2025\/02\/50_Que_Sao_Mentes.jpg\" \/>\n\t<meta property=\"og:image:width\" content=\"512\" \/>\n\t<meta property=\"og:image:height\" content=\"512\" \/>\n\t<meta property=\"og:image:type\" content=\"image\/jpeg\" \/>\n<meta name=\"author\" content=\"marconivieira\" \/>\n<meta name=\"twitter:card\" content=\"summary_large_image\" \/>\n<meta name=\"twitter:label1\" content=\"Escrito por\" \/>\n\t<meta name=\"twitter:data1\" content=\"marconivieira\" \/>\n\t<meta name=\"twitter:label2\" content=\"Est. tempo de leitura\" \/>\n\t<meta name=\"twitter:data2\" content=\"4 minutos\" \/>\n<script type=\"application\/ld+json\" class=\"yoast-schema-graph\">{\"@context\":\"https:\/\/schema.org\",\"@graph\":[{\"@type\":\"WebPage\",\"@id\":\"https:\/\/marconivieira.com.br\/index.php\/2025\/02\/26\/que-sao-mentes-e-onde-voce-as-encontrara\/\",\"url\":\"https:\/\/marconivieira.com.br\/index.php\/2025\/02\/26\/que-sao-mentes-e-onde-voce-as-encontrara\/\",\"name\":\"Que S\u00e3o Mentes e Onde Voc\u00ea as Encontrar\u00e1? - Marconi Fabio Vieira, PMP\",\"isPartOf\":{\"@id\":\"https:\/\/marconivieira.com.br\/#website\"},\"primaryImageOfPage\":{\"@id\":\"https:\/\/marconivieira.com.br\/index.php\/2025\/02\/26\/que-sao-mentes-e-onde-voce-as-encontrara\/#primaryimage\"},\"image\":{\"@id\":\"https:\/\/marconivieira.com.br\/index.php\/2025\/02\/26\/que-sao-mentes-e-onde-voce-as-encontrara\/#primaryimage\"},\"thumbnailUrl\":\"https:\/\/marconivieira.com.br\/wp-content\/uploads\/2025\/02\/50_Que_Sao_Mentes.jpg\",\"datePublished\":\"2025-02-26T16:05:25+00:00\",\"dateModified\":\"2025-02-26T16:06:16+00:00\",\"author\":{\"@id\":\"https:\/\/marconivieira.com.br\/#\/schema\/person\/ecda8bc0143a3594d0d84bb876790b4c\"},\"breadcrumb\":{\"@id\":\"https:\/\/marconivieira.com.br\/index.php\/2025\/02\/26\/que-sao-mentes-e-onde-voce-as-encontrara\/#breadcrumb\"},\"inLanguage\":\"pt-BR\",\"potentialAction\":[{\"@type\":\"ReadAction\",\"target\":[\"https:\/\/marconivieira.com.br\/index.php\/2025\/02\/26\/que-sao-mentes-e-onde-voce-as-encontrara\/\"]}]},{\"@type\":\"ImageObject\",\"inLanguage\":\"pt-BR\",\"@id\":\"https:\/\/marconivieira.com.br\/index.php\/2025\/02\/26\/que-sao-mentes-e-onde-voce-as-encontrara\/#primaryimage\",\"url\":\"https:\/\/marconivieira.com.br\/wp-content\/uploads\/2025\/02\/50_Que_Sao_Mentes.jpg\",\"contentUrl\":\"https:\/\/marconivieira.com.br\/wp-content\/uploads\/2025\/02\/50_Que_Sao_Mentes.jpg\",\"width\":512,\"height\":512},{\"@type\":\"BreadcrumbList\",\"@id\":\"https:\/\/marconivieira.com.br\/index.php\/2025\/02\/26\/que-sao-mentes-e-onde-voce-as-encontrara\/#breadcrumb\",\"itemListElement\":[{\"@type\":\"ListItem\",\"position\":1,\"name\":\"In\u00edcio\",\"item\":\"https:\/\/marconivieira.com.br\/\"},{\"@type\":\"ListItem\",\"position\":2,\"name\":\"Que S\u00e3o Mentes e Onde Voc\u00ea as Encontrar\u00e1?\"}]},{\"@type\":\"WebSite\",\"@id\":\"https:\/\/marconivieira.com.br\/#website\",\"url\":\"https:\/\/marconivieira.com.br\/\",\"name\":\"Marconi Fabio Vieira, PMP\",\"description\":\"Livros e Artigos que Edificam\",\"potentialAction\":[{\"@type\":\"SearchAction\",\"target\":{\"@type\":\"EntryPoint\",\"urlTemplate\":\"https:\/\/marconivieira.com.br\/?s={search_term_string}\"},\"query-input\":{\"@type\":\"PropertyValueSpecification\",\"valueRequired\":true,\"valueName\":\"search_term_string\"}}],\"inLanguage\":\"pt-BR\"},{\"@type\":\"Person\",\"@id\":\"https:\/\/marconivieira.com.br\/#\/schema\/person\/ecda8bc0143a3594d0d84bb876790b4c\",\"name\":\"marconivieira\",\"image\":{\"@type\":\"ImageObject\",\"inLanguage\":\"pt-BR\",\"@id\":\"https:\/\/marconivieira.com.br\/#\/schema\/person\/image\/\",\"url\":\"https:\/\/secure.gravatar.com\/avatar\/87e78cc6508dce8559a41de4d1bc77be10e5bf347e873fa9c483811e38b5b190?s=96&d=mm&r=g\",\"contentUrl\":\"https:\/\/secure.gravatar.com\/avatar\/87e78cc6508dce8559a41de4d1bc77be10e5bf347e873fa9c483811e38b5b190?s=96&d=mm&r=g\",\"caption\":\"marconivieira\"},\"sameAs\":[\"https:\/\/marconivieira.com.br\"],\"url\":\"https:\/\/marconivieira.com.br\/index.php\/author\/marconivieira\/\"}]}<\/script>\n<!-- \/ Yoast SEO plugin. -->","yoast_head_json":{"title":"Que S\u00e3o Mentes e Onde Voc\u00ea as Encontrar\u00e1? - Marconi Fabio Vieira, PMP","robots":{"index":"index","follow":"follow","max-snippet":"max-snippet:-1","max-image-preview":"max-image-preview:large","max-video-preview":"max-video-preview:-1"},"canonical":"https:\/\/marconivieira.com.br\/index.php\/2025\/02\/26\/que-sao-mentes-e-onde-voce-as-encontrara\/","og_locale":"pt_BR","og_type":"article","og_title":"Que S\u00e3o Mentes e Onde Voc\u00ea as Encontrar\u00e1? - Marconi Fabio Vieira, PMP","og_description":"Por Philip Ball 26\/10\/2022 A mente \u00e9 um conceito elusivo, que tem perplexado os maiores pensadores do mundo desde tempos imemoriais. A mente \u00e9 fundamentalmente material, imaterial ou algo entre esses dois extremos? Fil\u00f3sofos, psic\u00f3logos e neurocientistas ofereceram muitas explica\u00e7\u00f5es diferentes, mas essas frequentemente sofrem com uma terminologia excessivamente t\u00e9cnica e uma especializa\u00e7\u00e3o extrema. O [&hellip;]","og_url":"https:\/\/marconivieira.com.br\/index.php\/2025\/02\/26\/que-sao-mentes-e-onde-voce-as-encontrara\/","og_site_name":"Marconi Fabio Vieira, PMP","article_published_time":"2025-02-26T16:05:25+00:00","article_modified_time":"2025-02-26T16:06:16+00:00","og_image":[{"width":512,"height":512,"url":"https:\/\/marconivieira.com.br\/wp-content\/uploads\/2025\/02\/50_Que_Sao_Mentes.jpg","type":"image\/jpeg"}],"author":"marconivieira","twitter_card":"summary_large_image","twitter_misc":{"Escrito por":"marconivieira","Est. tempo de leitura":"4 minutos"},"schema":{"@context":"https:\/\/schema.org","@graph":[{"@type":"WebPage","@id":"https:\/\/marconivieira.com.br\/index.php\/2025\/02\/26\/que-sao-mentes-e-onde-voce-as-encontrara\/","url":"https:\/\/marconivieira.com.br\/index.php\/2025\/02\/26\/que-sao-mentes-e-onde-voce-as-encontrara\/","name":"Que S\u00e3o Mentes e Onde Voc\u00ea as Encontrar\u00e1? - Marconi Fabio Vieira, PMP","isPartOf":{"@id":"https:\/\/marconivieira.com.br\/#website"},"primaryImageOfPage":{"@id":"https:\/\/marconivieira.com.br\/index.php\/2025\/02\/26\/que-sao-mentes-e-onde-voce-as-encontrara\/#primaryimage"},"image":{"@id":"https:\/\/marconivieira.com.br\/index.php\/2025\/02\/26\/que-sao-mentes-e-onde-voce-as-encontrara\/#primaryimage"},"thumbnailUrl":"https:\/\/marconivieira.com.br\/wp-content\/uploads\/2025\/02\/50_Que_Sao_Mentes.jpg","datePublished":"2025-02-26T16:05:25+00:00","dateModified":"2025-02-26T16:06:16+00:00","author":{"@id":"https:\/\/marconivieira.com.br\/#\/schema\/person\/ecda8bc0143a3594d0d84bb876790b4c"},"breadcrumb":{"@id":"https:\/\/marconivieira.com.br\/index.php\/2025\/02\/26\/que-sao-mentes-e-onde-voce-as-encontrara\/#breadcrumb"},"inLanguage":"pt-BR","potentialAction":[{"@type":"ReadAction","target":["https:\/\/marconivieira.com.br\/index.php\/2025\/02\/26\/que-sao-mentes-e-onde-voce-as-encontrara\/"]}]},{"@type":"ImageObject","inLanguage":"pt-BR","@id":"https:\/\/marconivieira.com.br\/index.php\/2025\/02\/26\/que-sao-mentes-e-onde-voce-as-encontrara\/#primaryimage","url":"https:\/\/marconivieira.com.br\/wp-content\/uploads\/2025\/02\/50_Que_Sao_Mentes.jpg","contentUrl":"https:\/\/marconivieira.com.br\/wp-content\/uploads\/2025\/02\/50_Que_Sao_Mentes.jpg","width":512,"height":512},{"@type":"BreadcrumbList","@id":"https:\/\/marconivieira.com.br\/index.php\/2025\/02\/26\/que-sao-mentes-e-onde-voce-as-encontrara\/#breadcrumb","itemListElement":[{"@type":"ListItem","position":1,"name":"In\u00edcio","item":"https:\/\/marconivieira.com.br\/"},{"@type":"ListItem","position":2,"name":"Que S\u00e3o Mentes e Onde Voc\u00ea as Encontrar\u00e1?"}]},{"@type":"WebSite","@id":"https:\/\/marconivieira.com.br\/#website","url":"https:\/\/marconivieira.com.br\/","name":"Marconi Fabio Vieira, PMP","description":"Livros e Artigos que Edificam","potentialAction":[{"@type":"SearchAction","target":{"@type":"EntryPoint","urlTemplate":"https:\/\/marconivieira.com.br\/?s={search_term_string}"},"query-input":{"@type":"PropertyValueSpecification","valueRequired":true,"valueName":"search_term_string"}}],"inLanguage":"pt-BR"},{"@type":"Person","@id":"https:\/\/marconivieira.com.br\/#\/schema\/person\/ecda8bc0143a3594d0d84bb876790b4c","name":"marconivieira","image":{"@type":"ImageObject","inLanguage":"pt-BR","@id":"https:\/\/marconivieira.com.br\/#\/schema\/person\/image\/","url":"https:\/\/secure.gravatar.com\/avatar\/87e78cc6508dce8559a41de4d1bc77be10e5bf347e873fa9c483811e38b5b190?s=96&d=mm&r=g","contentUrl":"https:\/\/secure.gravatar.com\/avatar\/87e78cc6508dce8559a41de4d1bc77be10e5bf347e873fa9c483811e38b5b190?s=96&d=mm&r=g","caption":"marconivieira"},"sameAs":["https:\/\/marconivieira.com.br"],"url":"https:\/\/marconivieira.com.br\/index.php\/author\/marconivieira\/"}]}},"_links":{"self":[{"href":"https:\/\/marconivieira.com.br\/index.php\/wp-json\/wp\/v2\/posts\/553","targetHints":{"allow":["GET"]}}],"collection":[{"href":"https:\/\/marconivieira.com.br\/index.php\/wp-json\/wp\/v2\/posts"}],"about":[{"href":"https:\/\/marconivieira.com.br\/index.php\/wp-json\/wp\/v2\/types\/post"}],"author":[{"embeddable":true,"href":"https:\/\/marconivieira.com.br\/index.php\/wp-json\/wp\/v2\/users\/1"}],"replies":[{"embeddable":true,"href":"https:\/\/marconivieira.com.br\/index.php\/wp-json\/wp\/v2\/comments?post=553"}],"version-history":[{"count":2,"href":"https:\/\/marconivieira.com.br\/index.php\/wp-json\/wp\/v2\/posts\/553\/revisions"}],"predecessor-version":[{"id":556,"href":"https:\/\/marconivieira.com.br\/index.php\/wp-json\/wp\/v2\/posts\/553\/revisions\/556"}],"wp:featuredmedia":[{"embeddable":true,"href":"https:\/\/marconivieira.com.br\/index.php\/wp-json\/wp\/v2\/media\/554"}],"wp:attachment":[{"href":"https:\/\/marconivieira.com.br\/index.php\/wp-json\/wp\/v2\/media?parent=553"}],"wp:term":[{"taxonomy":"category","embeddable":true,"href":"https:\/\/marconivieira.com.br\/index.php\/wp-json\/wp\/v2\/categories?post=553"},{"taxonomy":"post_tag","embeddable":true,"href":"https:\/\/marconivieira.com.br\/index.php\/wp-json\/wp\/v2\/tags?post=553"}],"curies":[{"name":"wp","href":"https:\/\/api.w.org\/{rel}","templated":true}]}}