{"id":962,"date":"2025-11-24T13:41:34","date_gmt":"2025-11-24T16:41:34","guid":{"rendered":"https:\/\/marconivieira.com.br\/?p=962"},"modified":"2026-02-02T18:53:04","modified_gmt":"2026-02-02T21:53:04","slug":"mvp3-plataforma-climatoeconomica-uma-nova-visao-integrada-de-risco-para-os-estados-brasileiros","status":"publish","type":"post","link":"https:\/\/marconivieira.com.br\/index.php\/2025\/11\/24\/mvp3-plataforma-climatoeconomica-uma-nova-visao-integrada-de-risco-para-os-estados-brasileiros\/","title":{"rendered":"MVP3 \u2013 Plataforma Climatoecon\u00f4mica: Uma Nova Vis\u00e3o Integrada de Risco para os Estados Brasileiros"},"content":{"rendered":"<div class=\"entry-content wp-block-post-content has-global-padding is-layout-constrained wp-block-post-content-is-layout-constrained\">\n<p>\u00c0 medida que eventos clim\u00e1ticos extremos se tornam mais frequentes e impactantes, cresce a necessidade de ferramentas capazes de transformar dados ambientais e socioecon\u00f4micos em intelig\u00eancia pr\u00e1tica. Pensando nisso, a InfoChoice desenvolveu o\u00a0<strong>MVP3 \u2013 Plataforma Climatoecon\u00f4mica<\/strong>, uma solu\u00e7\u00e3o inovadora que combina clima, economia e ci\u00eancia de dados para estimar o risco integrado dos estados brasileiros.<\/p>\n<p>Este projeto foi constru\u00eddo para o <strong>OpenWeather Challenge 2025<\/strong> e representa uma vis\u00e3o moderna, acess\u00edvel e escal\u00e1vel de como dados clim\u00e1ticos podem apoiar an\u00e1lise de risco, tomada de decis\u00e3o e pol\u00edticas p\u00fablicas.<\/p>\n<p>Este projeto foi selecionado como <strong data-start=\"269\" data-end=\"301\">um dos finalistas do desafio<\/strong>, um reconhecimento que refor\u00e7a tanto a relev\u00e2ncia da proposta quanto o seu potencial de impacto. Esse marco representa n\u00e3o apenas uma conquista t\u00e9cnica, mas tamb\u00e9m a valida\u00e7\u00e3o de uma vis\u00e3o que integra dados, ci\u00eancia e tomada de decis\u00e3o em benef\u00edcio da sociedade. Atualmente, j\u00e1 estamos nos preparando para iniciar o desenvolvimento da <strong data-start=\"637\" data-end=\"665\">vers\u00e3o 2.0 da plataforma<\/strong>, um passo fundamental para ampliar capacidades, alcance e profundidade anal\u00edtica \u2014 <strong>movimento que se tornar\u00e1 poss\u00edvel a partir do apoio de patrocinadores que compartilhem da mesma vis\u00e3o de futuro e compromisso com solu\u00e7\u00f5es que promovem resili\u00eancia, sustentabilidade e decis\u00f5es mais conscientes<\/strong>.<\/p>\n<hr class=\"wp-block-separator has-alpha-channel-opacity\" \/>\n<h2 class=\"wp-block-heading\"><img decoding=\"async\" class=\"emoji\" role=\"img\" draggable=\"false\" src=\"https:\/\/s.w.org\/images\/core\/emoji\/16.0.1\/svg\/1f30d.svg\" alt=\"\ud83c\udf0d\" \/>\u00a0<strong>O Desafio<\/strong><\/h2>\n<p>As mudan\u00e7as clim\u00e1ticas t\u00eam ampliado as vulnerabilidades dos territ\u00f3rios brasileiros.<br \/>\nEntre os principais desafios:<\/p>\n<ul class=\"wp-block-list\">\n<li>Aumento de ondas de calor, enchentes e tempestades.<\/li>\n<li>Crescente exposi\u00e7\u00e3o de popula\u00e7\u00f5es vulner\u00e1veis.<\/li>\n<li>Falta de ferramentas que integrem\u00a0<strong>clima em tempo real<\/strong>\u00a0com\u00a0<strong>dados socioecon\u00f4micos<\/strong>.<\/li>\n<li>Necessidade de modelos interpret\u00e1veis e atualiz\u00e1veis.<\/li>\n<\/ul>\n<p>O MVP3 surge para preencher exatamente essa lacuna.<\/p>\n<hr class=\"wp-block-separator has-alpha-channel-opacity\" \/>\n<h2 class=\"wp-block-heading\"><img decoding=\"async\" class=\"emoji\" role=\"img\" draggable=\"false\" src=\"https:\/\/s.w.org\/images\/core\/emoji\/16.0.1\/svg\/1f680.svg\" alt=\"\ud83d\ude80\" \/>\u00a0<strong>A Solu\u00e7\u00e3o: MVP3 InfoChoice<\/strong><\/h2>\n<p>O MVP3 \u00e9 um painel interativo que integra:<\/p>\n<ul class=\"wp-block-list\">\n<li><strong>Clima atual<\/strong><\/li>\n<li><strong>Previs\u00e3o de 5 dias (janela de 3 em 3 horas)<\/strong><\/li>\n<li><strong>Camadas Weather Maps da OpenWeather<\/strong><\/li>\n<li><strong>Indicadores socioecon\u00f4micos oficiais<\/strong><\/li>\n<li><strong>Modelo de Machine Learning para risco socioecon\u00f4mico<\/strong><\/li>\n<li><strong>\u00cdndice climatoecon\u00f4mico integrado (v1)<\/strong><\/li>\n<li><strong>Model Rationale autom\u00e1tico (explica cada estado)<\/strong><\/li>\n<li><strong>Interface bil\u00edngue (PT\/EN)<\/strong><\/li>\n<\/ul>\n<p>Tudo isso em uma interface leve, acess\u00edvel e pronta para escalabilidade.<\/p>\n<hr class=\"wp-block-separator has-alpha-channel-opacity\" \/>\n<h2 class=\"wp-block-heading\"><img decoding=\"async\" class=\"emoji\" role=\"img\" draggable=\"false\" src=\"https:\/\/s.w.org\/images\/core\/emoji\/16.0.1\/svg\/2b50.svg\" alt=\"\u2b50\" \/>\u00a0<strong>Funcionalidades Principais<\/strong><\/h2>\n<h3 class=\"wp-block-heading\"><strong>1. Clima Atual e Previs\u00e3o 5 Dias<\/strong><\/h3>\n<p>Dados obtidos via APIs:<\/p>\n<ul class=\"wp-block-list\">\n<li><em>Current Weather<\/em><\/li>\n<li><em>5-Day \/ 3-Hour Forecast<\/em><\/li>\n<li><em>Air Pollution<\/em><\/li>\n<li><em>Weather Maps<\/em><\/li>\n<\/ul>\n<h3 class=\"wp-block-heading\"><strong>2. Risco Clim\u00e1tico por Dimens\u00f5es<\/strong><\/h3>\n<p>O MVP3 avalia quatro dimens\u00f5es:<\/p>\n<ul class=\"wp-block-list\">\n<li>Calor<\/li>\n<li>Chuva \/ Enchentes<\/li>\n<li>Vento<\/li>\n<li>Qualidade do ar<\/li>\n<\/ul>\n<p>Tudo normalizado em uma escala 0\u2013100.<\/p>\n<h3 class=\"wp-block-heading\"><strong>3. Risco Socioecon\u00f4mico via ML<\/strong><\/h3>\n<p>Modelo treinado a partir de:<\/p>\n<ul class=\"wp-block-list\">\n<li>PIB per capita<\/li>\n<li>Popula\u00e7\u00e3o<\/li>\n<li>Densidade demogr\u00e1fica<\/li>\n<li>PIB total<\/li>\n<li>Estrutura econ\u00f4mica<\/li>\n<\/ul>\n<p>Resultado:<\/p>\n<ul class=\"wp-block-list\">\n<li>Score ML<\/li>\n<li>Categoria<\/li>\n<li>Interpreta\u00e7\u00e3o contextual<\/li>\n<\/ul>\n<h3 class=\"wp-block-heading\"><strong>4. \u00cdndice Climatoecon\u00f4mico Integrado (v1)<\/strong><\/h3>\n<p>F\u00f3rmula:<br \/>\n<strong>60% clima + 40% risco socioecon\u00f4mico<\/strong><\/p>\n<h3 class=\"wp-block-heading\"><strong>5. Sector Risk<\/strong><\/h3>\n<p>Calcula vulnerabilidade setorial aproximada:<\/p>\n<ul class=\"wp-block-list\">\n<li>Agricultura<\/li>\n<li>Ind\u00fastria<\/li>\n<li>Com\u00e9rcio<\/li>\n<li>Servi\u00e7os<\/li>\n<\/ul>\n<h3 class=\"wp-block-heading\"><strong>6. Rationale Autom\u00e1tico<\/strong><\/h3>\n<p>Cada estado recebe uma an\u00e1lise espec\u00edfica:<\/p>\n<ul class=\"wp-block-list\">\n<li>Cidade de refer\u00eancia<\/li>\n<li>Dimens\u00e3o clim\u00e1tica dominante<\/li>\n<li>Score ML explicado<\/li>\n<li>Interpreta\u00e7\u00e3o integrada<\/li>\n<li>Conclus\u00f5es estrat\u00e9gicas<\/li>\n<\/ul>\n<h3 class=\"wp-block-heading\"><strong>7. Nota Metodol\u00f3gica<\/strong><\/h3>\n<p>Documento t\u00e9cnico resumido explicando:<\/p>\n<ul class=\"wp-block-list\">\n<li>crit\u00e9rios<\/li>\n<li>normaliza\u00e7\u00f5es<\/li>\n<li>pesos<\/li>\n<li>categorias<\/li>\n<li>arquitetura<\/li>\n<\/ul>\n<hr class=\"wp-block-separator has-alpha-channel-opacity\" \/>\n<h2 class=\"wp-block-heading\"><img decoding=\"async\" class=\"emoji\" role=\"img\" draggable=\"false\" src=\"https:\/\/s.w.org\/images\/core\/emoji\/16.0.1\/svg\/1f9e0.svg\" alt=\"\ud83e\udde0\" \/>\u00a0<strong>O Diferencial T\u00e9cnico<\/strong><\/h2>\n<p>O MVP3 foi projetado para ser:<\/p>\n<ul class=\"wp-block-list\">\n<li><strong>audit\u00e1vel<\/strong><\/li>\n<li><strong>explic\u00e1vel<\/strong><\/li>\n<li><strong>modular<\/strong><\/li>\n<li><strong>expans\u00edvel<\/strong><\/li>\n<li><strong>cientificamente fundamentado<\/strong><\/li>\n<\/ul>\n<p>E utiliza de maneira inovadora o ecossistema\u00a0<strong>OpenWeather<\/strong>, integrando m\u00faltiplas APIs em um \u00fanico motor de risco.<\/p>\n<hr class=\"wp-block-separator has-alpha-channel-opacity\" \/>\n<h2 class=\"wp-block-heading\"><img decoding=\"async\" class=\"emoji\" role=\"img\" draggable=\"false\" src=\"https:\/\/s.w.org\/images\/core\/emoji\/16.0.1\/svg\/1f4ca.svg\" alt=\"\ud83d\udcca\" \/>\u00a0<strong>Metodologia (Resumo T\u00e9cnico)<\/strong><\/h2>\n<h3 class=\"wp-block-heading\"><strong>1. Normaliza\u00e7\u00e3o Clim\u00e1tica<\/strong><\/h3>\n<p>Cada vari\u00e1vel \u00e9 ajustada para 0\u2013100 com base em faixas de impacto.<\/p>\n<h3 class=\"wp-block-heading\"><strong>2. Forecast Summary<\/strong><\/h3>\n<p>Extra\u00e7\u00e3o de:<\/p>\n<ul class=\"wp-block-list\">\n<li>m\u00e1ximo de calor 5 dias<\/li>\n<li>chuva 5 dias<\/li>\n<li>janelas de chuva intensa<\/li>\n<li>vento m\u00e1ximo<\/li>\n<\/ul>\n<h3 class=\"wp-block-heading\"><strong>3. ML Socioecon\u00f4mico<\/strong><\/h3>\n<p>Regress\u00e3o com m\u00faltiplas vari\u00e1veis treinada no dataset oficial do MVP3.<\/p>\n<h3 class=\"wp-block-heading\"><strong>4. Combined Risk Engine<\/strong><\/h3>\n<p>Implementa\u00e7\u00e3o robusta em Python com pesos normalizados.<\/p>\n<h3 class=\"wp-block-heading\"><strong>5. Explainability<\/strong><\/h3>\n<p>O racional resume as conclus\u00f5es interpretativas estado a estado.<\/p>\n<hr class=\"wp-block-separator has-alpha-channel-opacity\" \/>\n<h2 class=\"wp-block-heading\"><img decoding=\"async\" class=\"emoji\" role=\"img\" draggable=\"false\" src=\"https:\/\/s.w.org\/images\/core\/emoji\/16.0.1\/svg\/1f331.svg\" alt=\"\ud83c\udf31\" \/>\u00a0<strong>Impacto e Utilidade<\/strong><\/h2>\n<p>O MVP3 pode apoiar:<\/p>\n<ul class=\"wp-block-list\">\n<li>Defesa Civil<\/li>\n<li>Governos Estaduais<\/li>\n<li>Setor Segurador<\/li>\n<li>Planejamento Urbano<\/li>\n<li>Jornalismo Cient\u00edfico<\/li>\n<li>Pesquisadores<\/li>\n<li>Cidad\u00e3os<\/li>\n<li>Startups de ClimateTech<\/li>\n<\/ul>\n<p>Uma ferramenta simples para um problema complexo \u2014 acess\u00edvel, t\u00e9cnica e escal\u00e1vel.<\/p>\n<hr class=\"wp-block-separator has-alpha-channel-opacity\" \/>\n<h2 class=\"wp-block-heading\"><img decoding=\"async\" class=\"emoji\" role=\"img\" draggable=\"false\" src=\"https:\/\/s.w.org\/images\/core\/emoji\/16.0.1\/svg\/1f6e3.svg\" alt=\"\ud83d\udee3\ufe0f\" \/>\u00a0<strong>Pr\u00f3ximos Passos (Roadmap)<\/strong><\/h2>\n<ul class=\"wp-block-list\">\n<li>Emiss\u00f5es de Gases de Efeito Estufa.<\/li>\n<\/ul>\n<hr class=\"wp-block-separator has-alpha-channel-opacity\" \/>\n<h2 class=\"wp-block-heading\"><img decoding=\"async\" class=\"emoji\" role=\"img\" draggable=\"false\" src=\"https:\/\/s.w.org\/images\/core\/emoji\/16.0.1\/svg\/1f517.svg\" alt=\"\ud83d\udd17\" \/>\u00a0<strong>Links Importantes<\/strong><\/h2>\n<ul class=\"wp-block-list\">\n<li><strong>Aplica\u00e7\u00e3o hospedada (Streamlit):<\/strong><br \/>\n<a href=\"https:\/\/mvp3-climate-economic-risk-brazil.streamlit.app\/\" target=\"_blank\" rel=\"noreferrer noopener\">https:\/\/mvp3-climate-economic-risk-brazil.streamlit.app\/<\/a><\/li>\n<\/ul>\n<hr class=\"wp-block-separator has-alpha-channel-opacity\" \/>\n<p><img decoding=\"async\" class=\"emoji\" role=\"img\" draggable=\"false\" src=\"https:\/\/s.w.org\/images\/core\/emoji\/16.0.1\/svg\/1f3ac.svg\" alt=\"\ud83c\udfac\" \/>\u00a0<strong>V\u00eddeo \u2013 MVP3 Climate-Economic Risk Platform<\/strong><\/p>\n<figure class=\"wp-block-video\"><video src=\"https:\/\/infochoice.com.br\/site\/videos\/video_mvp3_final.mp4\" controls=\"controls\" width=\"300\" height=\"150\" data-mce-fragment=\"1\"><\/video><\/figure>\n<\/div>\n<div class=\"wp-block-template-part\">\n<div class=\"wp-block-spacer\" aria-hidden=\"true\"><\/div>\n<div class=\"wp-block-group has-global-padding is-layout-constrained wp-block-group-is-layout-constrained\"><\/div>\n<\/div>\n","protected":false},"excerpt":{"rendered":"<p>\u00c0 medida que eventos clim\u00e1ticos extremos se tornam mais frequentes e impactantes, cresce a necessidade de ferramentas capazes de transformar dados ambientais e socioecon\u00f4micos em intelig\u00eancia pr\u00e1tica. Pensando nisso, a InfoChoice desenvolveu o\u00a0MVP3 \u2013 Plataforma Climatoecon\u00f4mica, uma solu\u00e7\u00e3o inovadora que combina clima, economia e ci\u00eancia de dados para estimar o risco integrado dos estados brasileiros. [&hellip;]<\/p>\n","protected":false},"author":1,"featured_media":963,"comment_status":"open","ping_status":"open","sticky":false,"template":"","format":"standard","meta":{"footnotes":""},"categories":[176,267,441,422],"tags":[587,588,589,590,591,592,593,594,595,596,597,598,550,269,425,599,600,601,602,603,432,604,605,606,607,549,608,609,610],"class_list":["post-962","post","type-post","status-publish","format-standard","has-post-thumbnail","hentry","category-inteligencia_artificial","category-mentes-criativas","category-pesquisas_e_experimentos","category-portfolio","tag-analise-climatica","tag-analise-climatoeconomica","tag-analise-de-dados","tag-analise-de-estados-brasileiros","tag-ciencia-de-dados-aplicada","tag-clima-brasil","tag-dashboard-climatico","tag-data-science","tag-explicabilidade-com-shap","tag-gestao-de-riscos","tag-impacto-climatico","tag-indicadores-socioeconomicos","tag-infochoice","tag-inteligencia-artificial","tag-machine-learning","tag-mvp3-infochoice","tag-openweather-api","tag-painel-interativo","tag-previsao-climatica","tag-previsao-do-tempo","tag-python","tag-resiliencia-climatica","tag-risco-ambiental","tag-risco-climatico","tag-risco-socioeconomico","tag-streamlit","tag-tomada-de-decisao-baseada-em-dados","tag-variacoes-climaticas","tag-vulnerabilidade-socioeconomica"],"yoast_head":"<!-- This site is optimized with the Yoast SEO plugin v24.9 - https:\/\/yoast.com\/wordpress\/plugins\/seo\/ -->\n<title>MVP3 \u2013 Plataforma Climatoecon\u00f4mica: Uma Nova Vis\u00e3o Integrada de Risco para os Estados Brasileiros - Marconi Fabio Vieira, PMP<\/title>\n<meta name=\"robots\" content=\"index, follow, max-snippet:-1, max-image-preview:large, max-video-preview:-1\" \/>\n<link rel=\"canonical\" href=\"https:\/\/marconivieira.com.br\/index.php\/2025\/11\/24\/mvp3-plataforma-climatoeconomica-uma-nova-visao-integrada-de-risco-para-os-estados-brasileiros\/\" \/>\n<meta property=\"og:locale\" content=\"pt_BR\" \/>\n<meta property=\"og:type\" content=\"article\" \/>\n<meta property=\"og:title\" content=\"MVP3 \u2013 Plataforma Climatoecon\u00f4mica: Uma Nova Vis\u00e3o Integrada de Risco para os Estados Brasileiros - Marconi Fabio Vieira, PMP\" \/>\n<meta property=\"og:description\" content=\"\u00c0 medida que eventos clim\u00e1ticos extremos se tornam mais frequentes e impactantes, cresce a necessidade de ferramentas capazes de transformar dados ambientais e socioecon\u00f4micos em intelig\u00eancia pr\u00e1tica. Pensando nisso, a InfoChoice desenvolveu o\u00a0MVP3 \u2013 Plataforma Climatoecon\u00f4mica, uma solu\u00e7\u00e3o inovadora que combina clima, economia e ci\u00eancia de dados para estimar o risco integrado dos estados brasileiros. [&hellip;]\" \/>\n<meta property=\"og:url\" content=\"https:\/\/marconivieira.com.br\/index.php\/2025\/11\/24\/mvp3-plataforma-climatoeconomica-uma-nova-visao-integrada-de-risco-para-os-estados-brasileiros\/\" \/>\n<meta property=\"og:site_name\" content=\"Marconi Fabio Vieira, PMP\" \/>\n<meta property=\"article:published_time\" content=\"2025-11-24T16:41:34+00:00\" \/>\n<meta property=\"article:modified_time\" content=\"2026-02-02T21:53:04+00:00\" \/>\n<meta property=\"og:image\" content=\"https:\/\/marconivieira.com.br\/wp-content\/uploads\/2025\/11\/climate-economic-risk-for-brazil.png\" \/>\n\t<meta property=\"og:image:width\" content=\"1536\" \/>\n\t<meta property=\"og:image:height\" content=\"1024\" \/>\n\t<meta property=\"og:image:type\" content=\"image\/png\" \/>\n<meta name=\"author\" content=\"marconivieira\" \/>\n<meta name=\"twitter:card\" content=\"summary_large_image\" \/>\n<meta name=\"twitter:label1\" content=\"Escrito por\" \/>\n\t<meta name=\"twitter:data1\" content=\"marconivieira\" \/>\n\t<meta name=\"twitter:label2\" content=\"Est. tempo de leitura\" \/>\n\t<meta name=\"twitter:data2\" content=\"6 minutos\" \/>\n<script type=\"application\/ld+json\" class=\"yoast-schema-graph\">{\"@context\":\"https:\/\/schema.org\",\"@graph\":[{\"@type\":\"WebPage\",\"@id\":\"https:\/\/marconivieira.com.br\/index.php\/2025\/11\/24\/mvp3-plataforma-climatoeconomica-uma-nova-visao-integrada-de-risco-para-os-estados-brasileiros\/\",\"url\":\"https:\/\/marconivieira.com.br\/index.php\/2025\/11\/24\/mvp3-plataforma-climatoeconomica-uma-nova-visao-integrada-de-risco-para-os-estados-brasileiros\/\",\"name\":\"MVP3 \u2013 Plataforma Climatoecon\u00f4mica: Uma Nova Vis\u00e3o Integrada de Risco para os Estados Brasileiros - Marconi Fabio Vieira, PMP\",\"isPartOf\":{\"@id\":\"https:\/\/marconivieira.com.br\/#website\"},\"primaryImageOfPage\":{\"@id\":\"https:\/\/marconivieira.com.br\/index.php\/2025\/11\/24\/mvp3-plataforma-climatoeconomica-uma-nova-visao-integrada-de-risco-para-os-estados-brasileiros\/#primaryimage\"},\"image\":{\"@id\":\"https:\/\/marconivieira.com.br\/index.php\/2025\/11\/24\/mvp3-plataforma-climatoeconomica-uma-nova-visao-integrada-de-risco-para-os-estados-brasileiros\/#primaryimage\"},\"thumbnailUrl\":\"https:\/\/marconivieira.com.br\/wp-content\/uploads\/2025\/11\/climate-economic-risk-for-brazil.png\",\"datePublished\":\"2025-11-24T16:41:34+00:00\",\"dateModified\":\"2026-02-02T21:53:04+00:00\",\"author\":{\"@id\":\"https:\/\/marconivieira.com.br\/#\/schema\/person\/ecda8bc0143a3594d0d84bb876790b4c\"},\"breadcrumb\":{\"@id\":\"https:\/\/marconivieira.com.br\/index.php\/2025\/11\/24\/mvp3-plataforma-climatoeconomica-uma-nova-visao-integrada-de-risco-para-os-estados-brasileiros\/#breadcrumb\"},\"inLanguage\":\"pt-BR\",\"potentialAction\":[{\"@type\":\"ReadAction\",\"target\":[\"https:\/\/marconivieira.com.br\/index.php\/2025\/11\/24\/mvp3-plataforma-climatoeconomica-uma-nova-visao-integrada-de-risco-para-os-estados-brasileiros\/\"]}]},{\"@type\":\"ImageObject\",\"inLanguage\":\"pt-BR\",\"@id\":\"https:\/\/marconivieira.com.br\/index.php\/2025\/11\/24\/mvp3-plataforma-climatoeconomica-uma-nova-visao-integrada-de-risco-para-os-estados-brasileiros\/#primaryimage\",\"url\":\"https:\/\/marconivieira.com.br\/wp-content\/uploads\/2025\/11\/climate-economic-risk-for-brazil.png\",\"contentUrl\":\"https:\/\/marconivieira.com.br\/wp-content\/uploads\/2025\/11\/climate-economic-risk-for-brazil.png\",\"width\":1536,\"height\":1024},{\"@type\":\"BreadcrumbList\",\"@id\":\"https:\/\/marconivieira.com.br\/index.php\/2025\/11\/24\/mvp3-plataforma-climatoeconomica-uma-nova-visao-integrada-de-risco-para-os-estados-brasileiros\/#breadcrumb\",\"itemListElement\":[{\"@type\":\"ListItem\",\"position\":1,\"name\":\"In\u00edcio\",\"item\":\"https:\/\/marconivieira.com.br\/\"},{\"@type\":\"ListItem\",\"position\":2,\"name\":\"MVP3 \u2013 Plataforma Climatoecon\u00f4mica: Uma Nova Vis\u00e3o Integrada de Risco para os Estados Brasileiros\"}]},{\"@type\":\"WebSite\",\"@id\":\"https:\/\/marconivieira.com.br\/#website\",\"url\":\"https:\/\/marconivieira.com.br\/\",\"name\":\"Marconi Fabio Vieira, PMP\",\"description\":\"Livros e Artigos que Edificam\",\"potentialAction\":[{\"@type\":\"SearchAction\",\"target\":{\"@type\":\"EntryPoint\",\"urlTemplate\":\"https:\/\/marconivieira.com.br\/?s={search_term_string}\"},\"query-input\":{\"@type\":\"PropertyValueSpecification\",\"valueRequired\":true,\"valueName\":\"search_term_string\"}}],\"inLanguage\":\"pt-BR\"},{\"@type\":\"Person\",\"@id\":\"https:\/\/marconivieira.com.br\/#\/schema\/person\/ecda8bc0143a3594d0d84bb876790b4c\",\"name\":\"marconivieira\",\"image\":{\"@type\":\"ImageObject\",\"inLanguage\":\"pt-BR\",\"@id\":\"https:\/\/marconivieira.com.br\/#\/schema\/person\/image\/\",\"url\":\"https:\/\/secure.gravatar.com\/avatar\/87e78cc6508dce8559a41de4d1bc77be10e5bf347e873fa9c483811e38b5b190?s=96&d=mm&r=g\",\"contentUrl\":\"https:\/\/secure.gravatar.com\/avatar\/87e78cc6508dce8559a41de4d1bc77be10e5bf347e873fa9c483811e38b5b190?s=96&d=mm&r=g\",\"caption\":\"marconivieira\"},\"sameAs\":[\"https:\/\/marconivieira.com.br\"],\"url\":\"https:\/\/marconivieira.com.br\/index.php\/author\/marconivieira\/\"}]}<\/script>\n<!-- \/ Yoast SEO plugin. -->","yoast_head_json":{"title":"MVP3 \u2013 Plataforma Climatoecon\u00f4mica: Uma Nova Vis\u00e3o Integrada de Risco para os Estados Brasileiros - Marconi Fabio Vieira, PMP","robots":{"index":"index","follow":"follow","max-snippet":"max-snippet:-1","max-image-preview":"max-image-preview:large","max-video-preview":"max-video-preview:-1"},"canonical":"https:\/\/marconivieira.com.br\/index.php\/2025\/11\/24\/mvp3-plataforma-climatoeconomica-uma-nova-visao-integrada-de-risco-para-os-estados-brasileiros\/","og_locale":"pt_BR","og_type":"article","og_title":"MVP3 \u2013 Plataforma Climatoecon\u00f4mica: Uma Nova Vis\u00e3o Integrada de Risco para os Estados Brasileiros - Marconi Fabio Vieira, PMP","og_description":"\u00c0 medida que eventos clim\u00e1ticos extremos se tornam mais frequentes e impactantes, cresce a necessidade de ferramentas capazes de transformar dados ambientais e socioecon\u00f4micos em intelig\u00eancia pr\u00e1tica. Pensando nisso, a InfoChoice desenvolveu o\u00a0MVP3 \u2013 Plataforma Climatoecon\u00f4mica, uma solu\u00e7\u00e3o inovadora que combina clima, economia e ci\u00eancia de dados para estimar o risco integrado dos estados brasileiros. [&hellip;]","og_url":"https:\/\/marconivieira.com.br\/index.php\/2025\/11\/24\/mvp3-plataforma-climatoeconomica-uma-nova-visao-integrada-de-risco-para-os-estados-brasileiros\/","og_site_name":"Marconi Fabio Vieira, PMP","article_published_time":"2025-11-24T16:41:34+00:00","article_modified_time":"2026-02-02T21:53:04+00:00","og_image":[{"width":1536,"height":1024,"url":"https:\/\/marconivieira.com.br\/wp-content\/uploads\/2025\/11\/climate-economic-risk-for-brazil.png","type":"image\/png"}],"author":"marconivieira","twitter_card":"summary_large_image","twitter_misc":{"Escrito por":"marconivieira","Est. tempo de leitura":"6 minutos"},"schema":{"@context":"https:\/\/schema.org","@graph":[{"@type":"WebPage","@id":"https:\/\/marconivieira.com.br\/index.php\/2025\/11\/24\/mvp3-plataforma-climatoeconomica-uma-nova-visao-integrada-de-risco-para-os-estados-brasileiros\/","url":"https:\/\/marconivieira.com.br\/index.php\/2025\/11\/24\/mvp3-plataforma-climatoeconomica-uma-nova-visao-integrada-de-risco-para-os-estados-brasileiros\/","name":"MVP3 \u2013 Plataforma Climatoecon\u00f4mica: Uma Nova Vis\u00e3o Integrada de Risco para os Estados Brasileiros - Marconi Fabio Vieira, PMP","isPartOf":{"@id":"https:\/\/marconivieira.com.br\/#website"},"primaryImageOfPage":{"@id":"https:\/\/marconivieira.com.br\/index.php\/2025\/11\/24\/mvp3-plataforma-climatoeconomica-uma-nova-visao-integrada-de-risco-para-os-estados-brasileiros\/#primaryimage"},"image":{"@id":"https:\/\/marconivieira.com.br\/index.php\/2025\/11\/24\/mvp3-plataforma-climatoeconomica-uma-nova-visao-integrada-de-risco-para-os-estados-brasileiros\/#primaryimage"},"thumbnailUrl":"https:\/\/marconivieira.com.br\/wp-content\/uploads\/2025\/11\/climate-economic-risk-for-brazil.png","datePublished":"2025-11-24T16:41:34+00:00","dateModified":"2026-02-02T21:53:04+00:00","author":{"@id":"https:\/\/marconivieira.com.br\/#\/schema\/person\/ecda8bc0143a3594d0d84bb876790b4c"},"breadcrumb":{"@id":"https:\/\/marconivieira.com.br\/index.php\/2025\/11\/24\/mvp3-plataforma-climatoeconomica-uma-nova-visao-integrada-de-risco-para-os-estados-brasileiros\/#breadcrumb"},"inLanguage":"pt-BR","potentialAction":[{"@type":"ReadAction","target":["https:\/\/marconivieira.com.br\/index.php\/2025\/11\/24\/mvp3-plataforma-climatoeconomica-uma-nova-visao-integrada-de-risco-para-os-estados-brasileiros\/"]}]},{"@type":"ImageObject","inLanguage":"pt-BR","@id":"https:\/\/marconivieira.com.br\/index.php\/2025\/11\/24\/mvp3-plataforma-climatoeconomica-uma-nova-visao-integrada-de-risco-para-os-estados-brasileiros\/#primaryimage","url":"https:\/\/marconivieira.com.br\/wp-content\/uploads\/2025\/11\/climate-economic-risk-for-brazil.png","contentUrl":"https:\/\/marconivieira.com.br\/wp-content\/uploads\/2025\/11\/climate-economic-risk-for-brazil.png","width":1536,"height":1024},{"@type":"BreadcrumbList","@id":"https:\/\/marconivieira.com.br\/index.php\/2025\/11\/24\/mvp3-plataforma-climatoeconomica-uma-nova-visao-integrada-de-risco-para-os-estados-brasileiros\/#breadcrumb","itemListElement":[{"@type":"ListItem","position":1,"name":"In\u00edcio","item":"https:\/\/marconivieira.com.br\/"},{"@type":"ListItem","position":2,"name":"MVP3 \u2013 Plataforma Climatoecon\u00f4mica: Uma Nova Vis\u00e3o Integrada de Risco para os Estados Brasileiros"}]},{"@type":"WebSite","@id":"https:\/\/marconivieira.com.br\/#website","url":"https:\/\/marconivieira.com.br\/","name":"Marconi Fabio Vieira, PMP","description":"Livros e Artigos que Edificam","potentialAction":[{"@type":"SearchAction","target":{"@type":"EntryPoint","urlTemplate":"https:\/\/marconivieira.com.br\/?s={search_term_string}"},"query-input":{"@type":"PropertyValueSpecification","valueRequired":true,"valueName":"search_term_string"}}],"inLanguage":"pt-BR"},{"@type":"Person","@id":"https:\/\/marconivieira.com.br\/#\/schema\/person\/ecda8bc0143a3594d0d84bb876790b4c","name":"marconivieira","image":{"@type":"ImageObject","inLanguage":"pt-BR","@id":"https:\/\/marconivieira.com.br\/#\/schema\/person\/image\/","url":"https:\/\/secure.gravatar.com\/avatar\/87e78cc6508dce8559a41de4d1bc77be10e5bf347e873fa9c483811e38b5b190?s=96&d=mm&r=g","contentUrl":"https:\/\/secure.gravatar.com\/avatar\/87e78cc6508dce8559a41de4d1bc77be10e5bf347e873fa9c483811e38b5b190?s=96&d=mm&r=g","caption":"marconivieira"},"sameAs":["https:\/\/marconivieira.com.br"],"url":"https:\/\/marconivieira.com.br\/index.php\/author\/marconivieira\/"}]}},"_links":{"self":[{"href":"https:\/\/marconivieira.com.br\/index.php\/wp-json\/wp\/v2\/posts\/962","targetHints":{"allow":["GET"]}}],"collection":[{"href":"https:\/\/marconivieira.com.br\/index.php\/wp-json\/wp\/v2\/posts"}],"about":[{"href":"https:\/\/marconivieira.com.br\/index.php\/wp-json\/wp\/v2\/types\/post"}],"author":[{"embeddable":true,"href":"https:\/\/marconivieira.com.br\/index.php\/wp-json\/wp\/v2\/users\/1"}],"replies":[{"embeddable":true,"href":"https:\/\/marconivieira.com.br\/index.php\/wp-json\/wp\/v2\/comments?post=962"}],"version-history":[{"count":4,"href":"https:\/\/marconivieira.com.br\/index.php\/wp-json\/wp\/v2\/posts\/962\/revisions"}],"predecessor-version":[{"id":978,"href":"https:\/\/marconivieira.com.br\/index.php\/wp-json\/wp\/v2\/posts\/962\/revisions\/978"}],"wp:featuredmedia":[{"embeddable":true,"href":"https:\/\/marconivieira.com.br\/index.php\/wp-json\/wp\/v2\/media\/963"}],"wp:attachment":[{"href":"https:\/\/marconivieira.com.br\/index.php\/wp-json\/wp\/v2\/media?parent=962"}],"wp:term":[{"taxonomy":"category","embeddable":true,"href":"https:\/\/marconivieira.com.br\/index.php\/wp-json\/wp\/v2\/categories?post=962"},{"taxonomy":"post_tag","embeddable":true,"href":"https:\/\/marconivieira.com.br\/index.php\/wp-json\/wp\/v2\/tags?post=962"}],"curies":[{"name":"wp","href":"https:\/\/api.w.org\/{rel}","templated":true}]}}